{"id":1035,"date":"2022-12-08T18:30:16","date_gmt":"2022-12-08T18:30:16","guid":{"rendered":"https:\/\/caixabenicarlo.es\/blog\/?p=1035"},"modified":"2022-12-08T19:26:26","modified_gmt":"2022-12-08T19:26:26","slug":"caixa-benicarlo-reparteix-el-calendari-2023-i-el-seu-detall-nadalenc-de-proximitat","status":"publish","type":"post","link":"https:\/\/caixabenicarlo.es\/blog\/?p=1035","title":{"rendered":"Caixa Benicarl\u00f3 reparteix el calendari 2023 i el seu detall nadalenc de proximitat"},"content":{"rendered":"\n<p><strong>Les fotografies del almanac s\u00f3n obra de Fernando Rold\u00e1n Vinuesa<\/strong><\/p>\n\n\n\n<p>Dins de la campanya de Nadal destinada als seus socis i s\u00f2cies, Caixa Benicarl\u00f3 ha donat a con\u00e8ixer el seu calendari 2023 i el detall nadalenc que entregar\u00e0 a partir d\u2019este divendres 9 de desembre en les seues oficines.<\/p>\n\n\n\n<p>Fa vora 38 anys que Caixa Benicarl\u00f3 regala almanacs en aquestes dates. El del proper any recull fotografies de Benicarl\u00f3, C\u00e0lig i Pen\u00edscola i \u00e9s obra del fot\u00f2graf amateur benicarlando Fernando Rold\u00e1n Vinuesa. La mirada de Rold\u00e1n es fixa en el patrimoni arquitect\u00f2nic i cultural d\u2019aquestes poblacions i tamb\u00e9 en les seues festes.<\/p>\n\n\n\n<p>El director general, Josep Manuel Gal\u00e1n, ha aprofitat per agrair el treball fotogr\u00e0fic de Fernando Rold\u00e1n. Tamb\u00e9 ha explicat que el regal escollit enguany per als socis de l\u2019entitat banc\u00e0ria benicarlanda tornaran a ser productes de proximitat: <em>\u201cs\u2019apropen els Nadals i la nostra entita<\/em>t, <em>fidel a la seua tradici\u00f3, <\/em><em>entregar\u00e0 un detall, basat en productes de proximitat, com s\u00f3n una botella de vi Renaixen\u00e7a del Celler de Vi Carl\u00f3n i una bosseta d\u2019ametles de la cooperativa de C\u00e0lig\u201d, <\/em>ha detallat Gal\u00e1n.<\/p>\n\n\n\n<p>El nou calendari ja est\u00e0 a disposici\u00f3 de tots els socis a les oficines de l\u2019entitat banc\u00e0ria, juntament al detall nadalenc. A m\u00e9s a m\u00e9s, la campanya de Nadal de Caixa Benicarl\u00f3 recupera enguany el sorteig de 50 lots nadalencs entre els socis vinculats, que s\u2019entregaran el proper 22 de desembre per la tarde en l\u2019oficina del carrer Joan Carles I de Benicarl\u00f3.<\/p>\n\n\n\n<figure class=\"wp-block-image size-large is-resized\"><img src=\"https:\/\/caixabenicarlo.es\/blog\/wp-content\/uploads\/2022\/12\/detall-nadal-2022-1-ok-1-906x1024.jpg\" alt=\"\" class=\"wp-image-1043\" width=\"750\" srcset=\"https:\/\/caixabenicarlo.es\/blog\/wp-content\/uploads\/2022\/12\/detall-nadal-2022-1-ok-1-906x1024.jpg 906w, https:\/\/caixabenicarlo.es\/blog\/wp-content\/uploads\/2022\/12\/detall-nadal-2022-1-ok-1-265x300.jpg 265w, https:\/\/caixabenicarlo.es\/blog\/wp-content\/uploads\/2022\/12\/detall-nadal-2022-1-ok-1-768x868.jpg 768w, https:\/\/caixabenicarlo.es\/blog\/wp-content\/uploads\/2022\/12\/detall-nadal-2022-1-ok-1-1359x1536.jpg 1359w, https:\/\/caixabenicarlo.es\/blog\/wp-content\/uploads\/2022\/12\/detall-nadal-2022-1-ok-1-1200x1356.jpg 1200w, https:\/\/caixabenicarlo.es\/blog\/wp-content\/uploads\/2022\/12\/detall-nadal-2022-1-ok-1.jpg 1536w\" sizes=\"(max-width: 709px) 85vw, (max-width: 909px) 67vw, (max-width: 1362px) 62vw, 840px\" \/><\/figure>\n","protected":false},"excerpt":{"rendered":"<p>Les fotografies del almanac s\u00f3n obra de Fernando Rold\u00e1n Vinuesa Dins de la campanya de Nadal destinada als seus socis i s\u00f2cies, Caixa Benicarl\u00f3 ha donat a con\u00e8ixer el seu calendari 2023 i el detall nadalenc que entregar\u00e0 a partir d\u2019este divendres 9 de desembre en les seues oficines. Fa vora 38 anys que Caixa &hellip; <a href=\"https:\/\/caixabenicarlo.es\/blog\/?p=1035\" class=\"more-link\">Continuar leyendo<span class=\"screen-reader-text\"> \u00abCaixa Benicarl\u00f3 reparteix el calendari 2023 i el seu detall nadalenc de proximitat\u00bb<\/span><\/a><\/p>\n","protected":false},"author":2,"featured_media":1040,"comment_status":"closed","ping_status":"open","sticky":false,"template":"","format":"standard","meta":[],"categories":[4,1],"tags":[],"_links":{"self":[{"href":"https:\/\/caixabenicarlo.es\/blog\/index.php?rest_route=\/wp\/v2\/posts\/1035"}],"collection":[{"href":"https:\/\/caixabenicarlo.es\/blog\/index.php?rest_route=\/wp\/v2\/posts"}],"about":[{"href":"https:\/\/caixabenicarlo.es\/blog\/index.php?rest_route=\/wp\/v2\/types\/post"}],"author":[{"embeddable":true,"href":"https:\/\/caixabenicarlo.es\/blog\/index.php?rest_route=\/wp\/v2\/users\/2"}],"replies":[{"embeddable":true,"href":"https:\/\/caixabenicarlo.es\/blog\/index.php?rest_route=%2Fwp%2Fv2%2Fcomments&post=1035"}],"version-history":[{"count":5,"href":"https:\/\/caixabenicarlo.es\/blog\/index.php?rest_route=\/wp\/v2\/posts\/1035\/revisions"}],"predecessor-version":[{"id":1046,"href":"https:\/\/caixabenicarlo.es\/blog\/index.php?rest_route=\/wp\/v2\/posts\/1035\/revisions\/1046"}],"wp:featuredmedia":[{"embeddable":true,"href":"https:\/\/caixabenicarlo.es\/blog\/index.php?rest_route=\/wp\/v2\/media\/1040"}],"wp:attachment":[{"href":"https:\/\/caixabenicarlo.es\/blog\/index.php?rest_route=%2Fwp%2Fv2%2Fmedia&parent=1035"}],"wp:term":[{"taxonomy":"category","embeddable":true,"href":"https:\/\/caixabenicarlo.es\/blog\/index.php?rest_route=%2Fwp%2Fv2%2Fcategories&post=1035"},{"taxonomy":"post_tag","embeddable":true,"href":"https:\/\/caixabenicarlo.es\/blog\/index.php?rest_route=%2Fwp%2Fv2%2Ftags&post=1035"}],"curies":[{"name":"wp","href":"https:\/\/api.w.org\/{rel}","templated":true}]}}