{"id":1072,"date":"2023-05-21T19:23:36","date_gmt":"2023-05-21T19:23:36","guid":{"rendered":"https:\/\/caixabenicarlo.es\/blog\/?p=1072"},"modified":"2023-05-21T19:28:37","modified_gmt":"2023-05-21T19:28:37","slug":"benicarlo-celebra-la-missa-de-sant-isidre","status":"publish","type":"post","link":"https:\/\/caixabenicarlo.es\/blog\/?p=1072","title":{"rendered":"Benicarl\u00f3 celebra la missa de Sant Isidre"},"content":{"rendered":"\n<p>Este diumenge 21 de maig representants de Caixa Benicarl\u00f3 i de la Cooperativa Benihort participaven en una missa en honor a Sant Isidre en la parr\u00f2quia de Sant Bartomeu de la ciutat. La benedicci\u00f3 dels fruits del camp contava, un any m\u00e9s, amb xiquets i xiquetes amb vestits t\u00edpics, que van oferir al patr\u00f3 dels agricultors fruites i hortalisses del camp benicarlando.<\/p>\n\n\n\n<figure class=\"wp-block-image size-large\"><img loading=\"lazy\" width=\"1024\" height=\"577\" src=\"https:\/\/caixabenicarlo.es\/blog\/wp-content\/uploads\/2023\/05\/Sant-Isidre-CaixaBlo-Benihort-2023-7-1-1024x577.jpg\" alt=\"\" class=\"wp-image-1079\" srcset=\"https:\/\/caixabenicarlo.es\/blog\/wp-content\/uploads\/2023\/05\/Sant-Isidre-CaixaBlo-Benihort-2023-7-1-1024x577.jpg 1024w, https:\/\/caixabenicarlo.es\/blog\/wp-content\/uploads\/2023\/05\/Sant-Isidre-CaixaBlo-Benihort-2023-7-1-300x169.jpg 300w, https:\/\/caixabenicarlo.es\/blog\/wp-content\/uploads\/2023\/05\/Sant-Isidre-CaixaBlo-Benihort-2023-7-1-768x432.jpg 768w, https:\/\/caixabenicarlo.es\/blog\/wp-content\/uploads\/2023\/05\/Sant-Isidre-CaixaBlo-Benihort-2023-7-1-1536x865.jpg 1536w, https:\/\/caixabenicarlo.es\/blog\/wp-content\/uploads\/2023\/05\/Sant-Isidre-CaixaBlo-Benihort-2023-7-1-1200x676.jpg 1200w, https:\/\/caixabenicarlo.es\/blog\/wp-content\/uploads\/2023\/05\/Sant-Isidre-CaixaBlo-Benihort-2023-7-1.jpg 1920w\" sizes=\"(max-width: 709px) 85vw, (max-width: 909px) 67vw, (max-width: 1362px) 62vw, 840px\" \/><\/figure>\n\n\n\n<p>Per part de Caixa Benicarl\u00f3 assistien el president, Vicent Par\u00eds For\u00e9s, i el director general, Josep Manel Gal\u00e1n Foix. Mentre que la cooperativa de Benicarl\u00f3 estava representada pel president, Sergio Ortiz Bueno, i pel director general, Guillermo Edo Barreda. La Dama de la Confraria de Sant Antoni, Luc\u00eda Cald\u00e9s Gonz\u00e1lez, i el seus presidents, Juan Antonio Llorach i M\u00aa Jos\u00e9 Escura tamb\u00e9 van fer costat a les dos entitats en la celebraci\u00f3 religiosa.<\/p>\n\n\n\n<p>A l\u2019eucaristia, oficiada per Moss\u00e8n Carlos Garc\u00eda Talarn, tamb\u00e9 assistia l\u2019alcaldessa de Benicarl\u00f3, Xaro Miralles, i la regidora d\u2019Agricultura, Inma D\u00edaz, Altres membres de la corporaci\u00f3 municipal com les regidores populars, Arantxa Garc\u00eda i Lorena Gall\u00e9n, i el regidor de Comprom\u00eds, Josep Llu\u00eds Segura tamb\u00e9 s\u2019hi van sumar a l\u2019acte.<\/p>\n\n\n\n<figure class=\"wp-block-image size-large\"><img loading=\"lazy\" width=\"1024\" height=\"577\" src=\"https:\/\/caixabenicarlo.es\/blog\/wp-content\/uploads\/2023\/05\/Sant-Isidre-CaixaBlo-Benihort-2023-6-1-1024x577.jpg\" alt=\"\" class=\"wp-image-1080\" srcset=\"https:\/\/caixabenicarlo.es\/blog\/wp-content\/uploads\/2023\/05\/Sant-Isidre-CaixaBlo-Benihort-2023-6-1-1024x577.jpg 1024w, https:\/\/caixabenicarlo.es\/blog\/wp-content\/uploads\/2023\/05\/Sant-Isidre-CaixaBlo-Benihort-2023-6-1-300x169.jpg 300w, https:\/\/caixabenicarlo.es\/blog\/wp-content\/uploads\/2023\/05\/Sant-Isidre-CaixaBlo-Benihort-2023-6-1-768x432.jpg 768w, https:\/\/caixabenicarlo.es\/blog\/wp-content\/uploads\/2023\/05\/Sant-Isidre-CaixaBlo-Benihort-2023-6-1-1536x865.jpg 1536w, https:\/\/caixabenicarlo.es\/blog\/wp-content\/uploads\/2023\/05\/Sant-Isidre-CaixaBlo-Benihort-2023-6-1-1200x676.jpg 1200w, https:\/\/caixabenicarlo.es\/blog\/wp-content\/uploads\/2023\/05\/Sant-Isidre-CaixaBlo-Benihort-2023-6-1.jpg 1920w\" sizes=\"(max-width: 709px) 85vw, (max-width: 909px) 67vw, (max-width: 1362px) 62vw, 840px\" \/><\/figure>\n\n\n\n<p>Un cop va finalitzar la missa va tindre lloc l\u2019ofrena dels fruits del camp, protagonitzada per xiquets i xiquetes vestits de llauradorets. Tamb\u00e9 es va fer la benedicci\u00f3 simb\u00f2lica de les partides del terme i es va regalar als m\u00e9s menuts una bossa de llaminadures i una tovallola molt estiuenca.<\/p>\n\n\n\n<figure class=\"wp-block-image size-large\"><img loading=\"lazy\" width=\"1024\" height=\"577\" src=\"https:\/\/caixabenicarlo.es\/blog\/wp-content\/uploads\/2023\/05\/Sant-Isidre-CaixaBlo-Benihort-2023-10-1024x577.jpg\" alt=\"\" class=\"wp-image-1074\" srcset=\"https:\/\/caixabenicarlo.es\/blog\/wp-content\/uploads\/2023\/05\/Sant-Isidre-CaixaBlo-Benihort-2023-10-1024x577.jpg 1024w, https:\/\/caixabenicarlo.es\/blog\/wp-content\/uploads\/2023\/05\/Sant-Isidre-CaixaBlo-Benihort-2023-10-300x169.jpg 300w, https:\/\/caixabenicarlo.es\/blog\/wp-content\/uploads\/2023\/05\/Sant-Isidre-CaixaBlo-Benihort-2023-10-768x432.jpg 768w, https:\/\/caixabenicarlo.es\/blog\/wp-content\/uploads\/2023\/05\/Sant-Isidre-CaixaBlo-Benihort-2023-10-1536x865.jpg 1536w, https:\/\/caixabenicarlo.es\/blog\/wp-content\/uploads\/2023\/05\/Sant-Isidre-CaixaBlo-Benihort-2023-10-1200x676.jpg 1200w, https:\/\/caixabenicarlo.es\/blog\/wp-content\/uploads\/2023\/05\/Sant-Isidre-CaixaBlo-Benihort-2023-10.jpg 1920w\" sizes=\"(max-width: 709px) 85vw, (max-width: 909px) 67vw, (max-width: 1362px) 62vw, 840px\" \/><\/figure>\n\n\n\n<figure class=\"wp-block-image\"><img alt=\"\"\/><\/figure>\n","protected":false},"excerpt":{"rendered":"<p>Este diumenge 21 de maig representants de Caixa Benicarl\u00f3 i de la Cooperativa Benihort participaven en una missa en honor a Sant Isidre en la parr\u00f2quia de Sant Bartomeu de la ciutat. La benedicci\u00f3 dels fruits del camp contava, un any m\u00e9s, amb xiquets i xiquetes amb vestits t\u00edpics, que van oferir al patr\u00f3 dels &hellip; <a href=\"https:\/\/caixabenicarlo.es\/blog\/?p=1072\" class=\"more-link\">Continuar leyendo<span class=\"screen-reader-text\"> \u00abBenicarl\u00f3 celebra la missa de Sant Isidre\u00bb<\/span><\/a><\/p>\n","protected":false},"author":2,"featured_media":1073,"comment_status":"closed","ping_status":"open","sticky":false,"template":"","format":"standard","meta":[],"categories":[4,1],"tags":[],"_links":{"self":[{"href":"https:\/\/caixabenicarlo.es\/blog\/index.php?rest_route=\/wp\/v2\/posts\/1072"}],"collection":[{"href":"https:\/\/caixabenicarlo.es\/blog\/index.php?rest_route=\/wp\/v2\/posts"}],"about":[{"href":"https:\/\/caixabenicarlo.es\/blog\/index.php?rest_route=\/wp\/v2\/types\/post"}],"author":[{"embeddable":true,"href":"https:\/\/caixabenicarlo.es\/blog\/index.php?rest_route=\/wp\/v2\/users\/2"}],"replies":[{"embeddable":true,"href":"https:\/\/caixabenicarlo.es\/blog\/index.php?rest_route=%2Fwp%2Fv2%2Fcomments&post=1072"}],"version-history":[{"count":3,"href":"https:\/\/caixabenicarlo.es\/blog\/index.php?rest_route=\/wp\/v2\/posts\/1072\/revisions"}],"predecessor-version":[{"id":1078,"href":"https:\/\/caixabenicarlo.es\/blog\/index.php?rest_route=\/wp\/v2\/posts\/1072\/revisions\/1078"}],"wp:featuredmedia":[{"embeddable":true,"href":"https:\/\/caixabenicarlo.es\/blog\/index.php?rest_route=\/wp\/v2\/media\/1073"}],"wp:attachment":[{"href":"https:\/\/caixabenicarlo.es\/blog\/index.php?rest_route=%2Fwp%2Fv2%2Fmedia&parent=1072"}],"wp:term":[{"taxonomy":"category","embeddable":true,"href":"https:\/\/caixabenicarlo.es\/blog\/index.php?rest_route=%2Fwp%2Fv2%2Fcategories&post=1072"},{"taxonomy":"post_tag","embeddable":true,"href":"https:\/\/caixabenicarlo.es\/blog\/index.php?rest_route=%2Fwp%2Fv2%2Ftags&post=1072"}],"curies":[{"name":"wp","href":"https:\/\/api.w.org\/{rel}","templated":true}]}}