{"id":1084,"date":"2023-06-11T08:28:21","date_gmt":"2023-06-11T08:28:21","guid":{"rendered":"https:\/\/caixabenicarlo.es\/blog\/?p=1084"},"modified":"2023-06-11T09:52:23","modified_gmt":"2023-06-11T09:52:23","slug":"caixa-benicarlo-registre-un-balanc-de-388-milions-deuros-en-2022","status":"publish","type":"post","link":"https:\/\/caixabenicarlo.es\/blog\/?p=1084","title":{"rendered":"Caixa Benicarl\u00f3 regristre un balan\u00e7 de 388 milions d&#8217;euros en 2022"},"content":{"rendered":"\n<p><strong><strong>Tanque l\u2019any amb uns &nbsp;beneficis d\u20191,3 milions d\u2019euros<\/strong><\/strong><\/p>\n\n\n\n<p>Caixa Benicarl\u00f3 va acomiadar el passat any amb un balan\u00e7 que supere els 388 milions d\u2019euros i amb un benefici d\u20191,3 milions d\u2019euros, segons dades que es desprenen de l\u2019Informe Anual 2022 que es va presentar en l\u2019Assemblea General de l\u2019entitat el passat dijous 8 de juny a l\u2019Auditori Pedro Mercader de la ciutat. Gr\u00e0cies als seus resultats, l\u2019entitat que presideix Vicent Par\u00eds For\u00e9s, va destinar tamb\u00e9 l\u2019any passat 164 mil euros al creixement social, cultural i esportiu del seu entorn.<\/p>\n\n\n\n<p>Juntament al president van encap\u00e7alar l\u2019assemblea el director general, Jos\u00e9 Manuel Gal\u00e1n, aix\u00ed com el director de la Unitat Global del Risc, Santiago Machordom Bautista, a tocant del secretari, Jos\u00e9 Lu\u00eds Fandos.<\/p>\n\n\n\n<p>Els comptes anuals de l\u2019entitat de cr\u00e8dit cooperativa benicarlanda han portat al director general a parlar \u201c<em>d\u2019un bon resultat econ\u00f2mic al tancament de l\u2019exercici 2022, unes xifres que s\u00f3n un referent a nivell comarcal i al m\u00f3n cooperatiu on Caixa Benicarl\u00f3 est\u00e0 representada. En termes de balan\u00e7, el total actiu ha superat els 388 milions d\u2019euros, els dep\u00f2sits 355 milions, la inversi\u00f3 credit\u00edcia 88 milions i el resultat despr\u00e9s de impostos, tras la dotaci\u00f3 obligat\u00f2ria al Fons d\u2019Educaci\u00f3 i Promoci\u00f3 Cooperativa, va ser d\u20191,3 milions d\u2019euros, amb un augment del 8,87% respecte al 2021\u201d.<\/em><\/p>\n\n\n\n<p><strong>Fort comprom\u00eds amb l\u2019entorn<\/strong><\/p>\n\n\n\n<p>En l\u2019\u00e0mbit social, Caixa Benicarl\u00f3 dona servei a 19.068 clients, dels quals 5.219 s\u00f3n socis. En este sentit el president, Vicent Par\u00eds For\u00e9s, va ressaltar que \u201c<em>fruit d\u2019apostar per la societat que ens envolta s\u00f3n els m\u00e9s de 172 mil euros de pressupost social de la nostra entitat i de la Fundaci\u00f3 Caixa Benicarl\u00f3 destinar\u00e0 en 2023, per cobrir les accions i ajudes destinades a diferents sectors i associacions, retornant aix\u00ed una part important del benefici econ\u00f2mic del nostre balan\u00e7 cap al progr\u00e9s de la nostra gent\u201d.<\/em><\/p>\n\n\n\n<p>A m\u00e9s a m\u00e9s, el banc cooperatiu benicarlando dona feina a 30 persones en les seues 5 oficines de Benicarl\u00f3, Pen\u00edscola, C\u00e0lig i l\u2019extensi\u00f3 de Cervera, exercitant una banca cooperativa i de proximitat.<\/p>\n\n\n\n<p>Finalment, la seua integraci\u00f3 en el Grupo Cooperativo Solventia i les seues aliances amb d\u2019altres empreses de serveis li permeten desenvolupar la seua activitat des d\u2019un concepte m\u00e9s eficient, global i universal. En este sentit, una altra dada d\u2019inter\u00e8s del balan\u00e7 anual de Caixa Benicarl\u00f3 \u00e9s el seu consolidat nivell de solv\u00e8ncia. Despr\u00e9s de la seua integraci\u00f3 en el Grupo Cooperativo Solventia, el Ratio de Solv\u00e8ncia del Grup \u00e9s del 17,51 %.<\/p>\n\n\n\n<figure class=\"wp-block-image size-large\"><img loading=\"lazy\" width=\"1024\" height=\"577\" src=\"https:\/\/caixabenicarlo.es\/blog\/wp-content\/uploads\/2023\/06\/assemblea-caixabenicarlo-1-1024x577.jpg\" alt=\"\" class=\"wp-image-1086\" srcset=\"https:\/\/caixabenicarlo.es\/blog\/wp-content\/uploads\/2023\/06\/assemblea-caixabenicarlo-1-1024x577.jpg 1024w, https:\/\/caixabenicarlo.es\/blog\/wp-content\/uploads\/2023\/06\/assemblea-caixabenicarlo-1-300x169.jpg 300w, https:\/\/caixabenicarlo.es\/blog\/wp-content\/uploads\/2023\/06\/assemblea-caixabenicarlo-1-768x432.jpg 768w, https:\/\/caixabenicarlo.es\/blog\/wp-content\/uploads\/2023\/06\/assemblea-caixabenicarlo-1-1536x865.jpg 1536w, https:\/\/caixabenicarlo.es\/blog\/wp-content\/uploads\/2023\/06\/assemblea-caixabenicarlo-1-1200x676.jpg 1200w, https:\/\/caixabenicarlo.es\/blog\/wp-content\/uploads\/2023\/06\/assemblea-caixabenicarlo-1.jpg 1920w\" sizes=\"(max-width: 709px) 85vw, (max-width: 909px) 67vw, (max-width: 1362px) 62vw, 840px\" \/><\/figure>\n\n\n\n<figure class=\"wp-block-image size-large\"><img loading=\"lazy\" width=\"1024\" height=\"577\" src=\"https:\/\/caixabenicarlo.es\/blog\/wp-content\/uploads\/2023\/06\/assemblea-caixabenicarlo-4-1024x577.jpg\" alt=\"\" class=\"wp-image-1090\" srcset=\"https:\/\/caixabenicarlo.es\/blog\/wp-content\/uploads\/2023\/06\/assemblea-caixabenicarlo-4-1024x577.jpg 1024w, https:\/\/caixabenicarlo.es\/blog\/wp-content\/uploads\/2023\/06\/assemblea-caixabenicarlo-4-300x169.jpg 300w, https:\/\/caixabenicarlo.es\/blog\/wp-content\/uploads\/2023\/06\/assemblea-caixabenicarlo-4-768x432.jpg 768w, https:\/\/caixabenicarlo.es\/blog\/wp-content\/uploads\/2023\/06\/assemblea-caixabenicarlo-4-1536x865.jpg 1536w, https:\/\/caixabenicarlo.es\/blog\/wp-content\/uploads\/2023\/06\/assemblea-caixabenicarlo-4-1200x676.jpg 1200w, https:\/\/caixabenicarlo.es\/blog\/wp-content\/uploads\/2023\/06\/assemblea-caixabenicarlo-4.jpg 1920w\" sizes=\"(max-width: 709px) 85vw, (max-width: 909px) 67vw, (max-width: 1362px) 62vw, 840px\" \/><\/figure>\n\n\n\n<figure class=\"wp-block-image size-large\"><img loading=\"lazy\" width=\"1024\" height=\"1024\" src=\"https:\/\/caixabenicarlo.es\/blog\/wp-content\/uploads\/2023\/06\/FEED-CAIXA-BENICARLO-003-Assemblea-2023-3-1024x1024.jpg\" alt=\"\" class=\"wp-image-1092\" srcset=\"https:\/\/caixabenicarlo.es\/blog\/wp-content\/uploads\/2023\/06\/FEED-CAIXA-BENICARLO-003-Assemblea-2023-3-1024x1024.jpg 1024w, https:\/\/caixabenicarlo.es\/blog\/wp-content\/uploads\/2023\/06\/FEED-CAIXA-BENICARLO-003-Assemblea-2023-3-300x300.jpg 300w, https:\/\/caixabenicarlo.es\/blog\/wp-content\/uploads\/2023\/06\/FEED-CAIXA-BENICARLO-003-Assemblea-2023-3-150x150.jpg 150w, https:\/\/caixabenicarlo.es\/blog\/wp-content\/uploads\/2023\/06\/FEED-CAIXA-BENICARLO-003-Assemblea-2023-3-768x768.jpg 768w, https:\/\/caixabenicarlo.es\/blog\/wp-content\/uploads\/2023\/06\/FEED-CAIXA-BENICARLO-003-Assemblea-2023-3-1536x1536.jpg 1536w, https:\/\/caixabenicarlo.es\/blog\/wp-content\/uploads\/2023\/06\/FEED-CAIXA-BENICARLO-003-Assemblea-2023-3-2048x2048.jpg 2048w, https:\/\/caixabenicarlo.es\/blog\/wp-content\/uploads\/2023\/06\/FEED-CAIXA-BENICARLO-003-Assemblea-2023-3-1200x1200.jpg 1200w\" sizes=\"(max-width: 709px) 85vw, (max-width: 909px) 67vw, (max-width: 1362px) 62vw, 840px\" \/><\/figure>\n\n\n\n<figure class=\"wp-block-image size-large\"><img loading=\"lazy\" width=\"1024\" height=\"1024\" src=\"https:\/\/caixabenicarlo.es\/blog\/wp-content\/uploads\/2023\/06\/FEED-CAIXA-BENICARLO-003-Assemblea-2023-4-1024x1024.jpg\" alt=\"\" class=\"wp-image-1093\" srcset=\"https:\/\/caixabenicarlo.es\/blog\/wp-content\/uploads\/2023\/06\/FEED-CAIXA-BENICARLO-003-Assemblea-2023-4-1024x1024.jpg 1024w, https:\/\/caixabenicarlo.es\/blog\/wp-content\/uploads\/2023\/06\/FEED-CAIXA-BENICARLO-003-Assemblea-2023-4-300x300.jpg 300w, https:\/\/caixabenicarlo.es\/blog\/wp-content\/uploads\/2023\/06\/FEED-CAIXA-BENICARLO-003-Assemblea-2023-4-150x150.jpg 150w, https:\/\/caixabenicarlo.es\/blog\/wp-content\/uploads\/2023\/06\/FEED-CAIXA-BENICARLO-003-Assemblea-2023-4-768x768.jpg 768w, https:\/\/caixabenicarlo.es\/blog\/wp-content\/uploads\/2023\/06\/FEED-CAIXA-BENICARLO-003-Assemblea-2023-4-1536x1536.jpg 1536w, https:\/\/caixabenicarlo.es\/blog\/wp-content\/uploads\/2023\/06\/FEED-CAIXA-BENICARLO-003-Assemblea-2023-4-2048x2048.jpg 2048w, https:\/\/caixabenicarlo.es\/blog\/wp-content\/uploads\/2023\/06\/FEED-CAIXA-BENICARLO-003-Assemblea-2023-4-1200x1200.jpg 1200w\" sizes=\"(max-width: 709px) 85vw, (max-width: 909px) 67vw, (max-width: 1362px) 62vw, 840px\" \/><\/figure>\n","protected":false},"excerpt":{"rendered":"<p>Tanque l\u2019any amb uns &nbsp;beneficis d\u20191,3 milions d\u2019euros Caixa Benicarl\u00f3 va acomiadar el passat any amb un balan\u00e7 que supere els 388 milions d\u2019euros i amb un benefici d\u20191,3 milions d\u2019euros, segons dades que es desprenen de l\u2019Informe Anual 2022 que es va presentar en l\u2019Assemblea General de l\u2019entitat el passat dijous 8 de juny &hellip; <a href=\"https:\/\/caixabenicarlo.es\/blog\/?p=1084\" class=\"more-link\">Continuar leyendo<span class=\"screen-reader-text\"> \u00abCaixa Benicarl\u00f3 regristre un balan\u00e7 de 388 milions d&#8217;euros en 2022\u00bb<\/span><\/a><\/p>\n","protected":false},"author":2,"featured_media":1085,"comment_status":"closed","ping_status":"open","sticky":false,"template":"","format":"standard","meta":[],"categories":[1],"tags":[],"_links":{"self":[{"href":"https:\/\/caixabenicarlo.es\/blog\/index.php?rest_route=\/wp\/v2\/posts\/1084"}],"collection":[{"href":"https:\/\/caixabenicarlo.es\/blog\/index.php?rest_route=\/wp\/v2\/posts"}],"about":[{"href":"https:\/\/caixabenicarlo.es\/blog\/index.php?rest_route=\/wp\/v2\/types\/post"}],"author":[{"embeddable":true,"href":"https:\/\/caixabenicarlo.es\/blog\/index.php?rest_route=\/wp\/v2\/users\/2"}],"replies":[{"embeddable":true,"href":"https:\/\/caixabenicarlo.es\/blog\/index.php?rest_route=%2Fwp%2Fv2%2Fcomments&post=1084"}],"version-history":[{"count":5,"href":"https:\/\/caixabenicarlo.es\/blog\/index.php?rest_route=\/wp\/v2\/posts\/1084\/revisions"}],"predecessor-version":[{"id":1094,"href":"https:\/\/caixabenicarlo.es\/blog\/index.php?rest_route=\/wp\/v2\/posts\/1084\/revisions\/1094"}],"wp:featuredmedia":[{"embeddable":true,"href":"https:\/\/caixabenicarlo.es\/blog\/index.php?rest_route=\/wp\/v2\/media\/1085"}],"wp:attachment":[{"href":"https:\/\/caixabenicarlo.es\/blog\/index.php?rest_route=%2Fwp%2Fv2%2Fmedia&parent=1084"}],"wp:term":[{"taxonomy":"category","embeddable":true,"href":"https:\/\/caixabenicarlo.es\/blog\/index.php?rest_route=%2Fwp%2Fv2%2Fcategories&post=1084"},{"taxonomy":"post_tag","embeddable":true,"href":"https:\/\/caixabenicarlo.es\/blog\/index.php?rest_route=%2Fwp%2Fv2%2Ftags&post=1084"}],"curies":[{"name":"wp","href":"https:\/\/api.w.org\/{rel}","templated":true}]}}