{"id":1107,"date":"2023-07-07T17:54:32","date_gmt":"2023-07-07T17:54:32","guid":{"rendered":"https:\/\/caixabenicarlo.es\/blog\/?p=1107"},"modified":"2023-07-07T17:56:24","modified_gmt":"2023-07-07T17:56:24","slug":"caixa-benicarlo-inicia-una-col%c2%b7laboracio-amb-a-b-r-i-l","status":"publish","type":"post","link":"https:\/\/caixabenicarlo.es\/blog\/?p=1107","title":{"rendered":"Caixa Benicarl\u00f3 inicia una col\u00b7laboraci\u00f3 amb A.B.R.I.L."},"content":{"rendered":"\n<p><\/p>\n\n\n\n<p>Caixa Benicarl\u00f3 ha signat este divendres 7 de juliol un conveni de col\u00b7laboraci\u00f3 amb A.B.R.I.L., l\u2019Associaci\u00f3 Benicarlanda per a la Recuperaci\u00f3 i la Investigaci\u00f3 del Llegat Social, Etnol\u00f2gic i Cultural. La signatura , que ha anat a c\u00e0rrec del president de Caixa Benicarl\u00f3, Vicent Par\u00eds For\u00e9s i del president d\u2019 A.B.R.I.L., Rafael Dom\u00ednguez Comes, ha tingut lloc a les oficines centrals de l\u2019entitat banc\u00e0ria cooperativa benicarlanda.<\/p>\n\n\n\n<p>Per la seua banda el director general de Caixa Benicarl\u00f3, Jos\u00e9 Manuel Gal\u00e1n ha valorat el conveni i ha explicat: <em>\u201cels hem cedit un exemplar del fons de llibres que Caixa Benicarl\u00f3 i la Fundaci\u00f3 hem editat o patrocinat al llarg de tots els anys. S\u00f3n m\u00e9s de 50 exemplars que serviran de fons bibliogr\u00e0fic per a la tasca d&#8217;investigaci\u00f3 que du a terme esta associaci\u00f3 benicarlanda\u201d.<\/em><\/p>\n\n\n\n<p>A.B.R.I.L va n\u00e0ixer a Benicarl\u00f3 l\u2019abril de 2019. L\u2019entitat t\u00e9 personalitat jur\u00eddica pr\u00f2pia i capacitat plena d\u2019obrar per a administrar i disposar dels seus b\u00e9ns i complir els fins que es proposa. Entre els seus objectius destaque promoure l\u2019activitat cultural a Benicarl\u00f3 en totes les seues vessants i potenciar el coneixement de la gent, la hist\u00f2ria i els trets culturals propis del poble. A m\u00e9s a m\u00e9s, pret\u00e9n difondre les particularitats que identifiquen el municipi i la seua gent a les comarques del&nbsp; Maestrat, aix\u00ed com participar de les activitats culturals que es fan a la localitat al llarg de l\u2019any. Tamb\u00e9 es plantege recuperar i difondre el patrimoni hist\u00f2ric, natural, civil i religi\u00f3s del poble i potenciar la conservaci\u00f3 de la mem\u00f2ria hist\u00f2rica de la zona, &nbsp;entre d\u2019altres.&nbsp;&nbsp;<\/p>\n","protected":false},"excerpt":{"rendered":"<p>Caixa Benicarl\u00f3 ha signat este divendres 7 de juliol un conveni de col\u00b7laboraci\u00f3 amb A.B.R.I.L., l\u2019Associaci\u00f3 Benicarlanda per a la Recuperaci\u00f3 i la Investigaci\u00f3 del Llegat Social, Etnol\u00f2gic i Cultural. La signatura , que ha anat a c\u00e0rrec del president de Caixa Benicarl\u00f3, Vicent Par\u00eds For\u00e9s i del president d\u2019 A.B.R.I.L., Rafael Dom\u00ednguez Comes, ha &hellip; <a href=\"https:\/\/caixabenicarlo.es\/blog\/?p=1107\" class=\"more-link\">Continuar leyendo<span class=\"screen-reader-text\"> \u00abCaixa Benicarl\u00f3 inicia una col\u00b7laboraci\u00f3 amb A.B.R.I.L.\u00bb<\/span><\/a><\/p>\n","protected":false},"author":2,"featured_media":1109,"comment_status":"closed","ping_status":"open","sticky":false,"template":"","format":"standard","meta":[],"categories":[1],"tags":[],"_links":{"self":[{"href":"https:\/\/caixabenicarlo.es\/blog\/index.php?rest_route=\/wp\/v2\/posts\/1107"}],"collection":[{"href":"https:\/\/caixabenicarlo.es\/blog\/index.php?rest_route=\/wp\/v2\/posts"}],"about":[{"href":"https:\/\/caixabenicarlo.es\/blog\/index.php?rest_route=\/wp\/v2\/types\/post"}],"author":[{"embeddable":true,"href":"https:\/\/caixabenicarlo.es\/blog\/index.php?rest_route=\/wp\/v2\/users\/2"}],"replies":[{"embeddable":true,"href":"https:\/\/caixabenicarlo.es\/blog\/index.php?rest_route=%2Fwp%2Fv2%2Fcomments&post=1107"}],"version-history":[{"count":1,"href":"https:\/\/caixabenicarlo.es\/blog\/index.php?rest_route=\/wp\/v2\/posts\/1107\/revisions"}],"predecessor-version":[{"id":1108,"href":"https:\/\/caixabenicarlo.es\/blog\/index.php?rest_route=\/wp\/v2\/posts\/1107\/revisions\/1108"}],"wp:featuredmedia":[{"embeddable":true,"href":"https:\/\/caixabenicarlo.es\/blog\/index.php?rest_route=\/wp\/v2\/media\/1109"}],"wp:attachment":[{"href":"https:\/\/caixabenicarlo.es\/blog\/index.php?rest_route=%2Fwp%2Fv2%2Fmedia&parent=1107"}],"wp:term":[{"taxonomy":"category","embeddable":true,"href":"https:\/\/caixabenicarlo.es\/blog\/index.php?rest_route=%2Fwp%2Fv2%2Fcategories&post=1107"},{"taxonomy":"post_tag","embeddable":true,"href":"https:\/\/caixabenicarlo.es\/blog\/index.php?rest_route=%2Fwp%2Fv2%2Ftags&post=1107"}],"curies":[{"name":"wp","href":"https:\/\/api.w.org\/{rel}","templated":true}]}}