{"id":1126,"date":"2023-09-01T22:13:04","date_gmt":"2023-09-01T22:13:04","guid":{"rendered":"https:\/\/caixabenicarlo.es\/blog\/?p=1126"},"modified":"2023-09-01T22:13:04","modified_gmt":"2023-09-01T22:13:04","slug":"12-000e-premien-lexcel%c2%b7lencia-academica","status":"publish","type":"post","link":"https:\/\/caixabenicarlo.es\/blog\/?p=1126","title":{"rendered":"12.000\u20ac premien l\u2019Excel\u00b7l\u00e8ncia Acad\u00e8mica"},"content":{"rendered":"\n<p><strong>Caixa Benicarl\u00f3 lliura la XXVII edici\u00f3 de les seues beques<\/strong><\/p>\n\n\n\n<p>Caixa Benicarl\u00f3 entregava en la tarde del divendres 1 de setembre les &nbsp;Beques a l\u2019Excel\u00b7l\u00e8ncia Acad\u00e8mica que corresponen a la seua XXVIIena edici\u00f3. Els 12 estudiants guardonats rebran una beca individual de 1.000\u20ac que destinaran al estudis universitaris i superiors que comencen en el curs 2023-2024.<\/p>\n\n\n\n<p>Els premis es lliuraven en el sal\u00f3 social de l\u2019entitat i van comptar amb la pres\u00e8ncia de l\u2019alcalde de Benicarl\u00f3, Juan Manuel Cerd\u00e1 Tena, del president de Caixa Benicarl\u00f3, Vicent Par\u00eds For\u00e9s, aix\u00ed com del seu director general, Josep Manel Gal\u00e1n Foix. Tampoc van faltar a la cita, &nbsp;familiars dels alumnes i directius dels centres educatius premiats (IES Ram\u00f3n Cid i La Salle de Benicarl\u00f3, aix\u00ed com l\u2019Ies Alfred Ayza de Pen\u00edscola).<\/p>\n\n\n\n<p>El president de Caixa Benicarl\u00f3, Vicent Par\u00eds For\u00e9s, destacava el comprom\u00eds que l\u2019entitat cooperativa benicarlanda t\u00e9 amb l\u2019educaci\u00f3: <em>\u201cA Caixa Benicarl\u00f3, com a banca cooperativa que som, intentem demostrar cada dia que no som robots, sin\u00f3 persones amb cor, i este valor ens porte a fomentar i recolzar el talent m\u00e9s jove. Per aix\u00f2, un any m\u00e9s, premiem a 12 joves estudiants amb una beca individual de 1.000\u20ac, donant visibilitat a les qualitats de determinats fills de socis, comercialment vinculats a Caixa Benicarl\u00f3. Es tracta d\u2019una ajuda destinada a les seues activitats acad\u00e8miques que revertix, directament, en la seua formaci\u00f3 com a estudiants\u201d.<\/em><\/p>\n\n\n\n<p>Per la seua banda, el director de l\u2019entitat banc\u00e0ria, Josep Manel Gal\u00e1n, va recordar que les bases de la nova edici\u00f3 de les Beques d\u2019Excel\u00b7l\u00e8ncia 2023-2024 ja es podran consultar al web de l\u2019entitat www.caixabenicarlo.es<\/p>\n\n\n\n<p>Els alumnes guardonats en esta edici\u00f3, i als quals se\u2019ls ha reconegut el m\u00e8rit i esfor\u00e7 per les notes obtingudes en esta XXVII edici\u00f3 de les beques, s\u00f3n els seg\u00fcents:<\/p>\n\n\n\n<figure class=\"wp-block-table\"><table><tbody><tr><td>ALBERT SEGARRA BALLESTER<\/td><td>IES RAM\u00d3N CID<\/td><\/tr><tr><td>ALEJANDRA MULET HERRERO<\/td><td>IES RAM\u00d3N CID<\/td><\/tr><tr><td>ANIA KLEVCHUK MOIX<\/td><td>IES ALFRED AYZA<\/td><\/tr><tr><td>DAVID REMOLINA SALVADOR<\/td><td>IES RAM\u00d3N CID<\/td><\/tr><tr><td>&nbsp;JOAN GARCIA DONADEU<\/td><td>IES RAM\u00d3N CID<\/td><\/tr><tr><td>LUC\u00cdA FONTANET MART\u00cd<\/td><td>LA SALLE<\/td><\/tr><tr><td>NATALIA ESPADA PASTOR<\/td><td>LA SALLE<\/td><\/tr><tr><td>NEREA BELMONTE LABARGA<\/td><td>IES RAM\u00d3N CID<\/td><\/tr><tr><td>N\u00c9STOR&nbsp; LAVERNIA FRESQUET<\/td><td>IES RAM\u00d3N CID<\/td><\/tr><tr><td>NORAY JIM\u00c9NEZ ORERO<\/td><td>IES RAM\u00d3N CID<\/td><\/tr><tr><td>URIEL MOLINA REVERTER<\/td><td>IES RAM\u00d3N CID<\/td><\/tr><tr><td>VERA VALERO ALBERT<\/td><td>LA SALLE<\/td><\/tr><\/tbody><\/table><\/figure>\n\n\n\n<figure class=\"wp-block-image size-large\"><img loading=\"lazy\" width=\"1024\" height=\"443\" src=\"https:\/\/caixabenicarlo.es\/blog\/wp-content\/uploads\/2023\/09\/Caixa-Benicarlo-Beques23-2-1024x443.jpg\" alt=\"\" class=\"wp-image-1128\" srcset=\"https:\/\/caixabenicarlo.es\/blog\/wp-content\/uploads\/2023\/09\/Caixa-Benicarlo-Beques23-2-1024x443.jpg 1024w, https:\/\/caixabenicarlo.es\/blog\/wp-content\/uploads\/2023\/09\/Caixa-Benicarlo-Beques23-2-300x130.jpg 300w, https:\/\/caixabenicarlo.es\/blog\/wp-content\/uploads\/2023\/09\/Caixa-Benicarlo-Beques23-2-768x332.jpg 768w, https:\/\/caixabenicarlo.es\/blog\/wp-content\/uploads\/2023\/09\/Caixa-Benicarlo-Beques23-2-1536x664.jpg 1536w, https:\/\/caixabenicarlo.es\/blog\/wp-content\/uploads\/2023\/09\/Caixa-Benicarlo-Beques23-2-1200x519.jpg 1200w, https:\/\/caixabenicarlo.es\/blog\/wp-content\/uploads\/2023\/09\/Caixa-Benicarlo-Beques23-2.jpg 1600w\" sizes=\"(max-width: 709px) 85vw, (max-width: 909px) 67vw, (max-width: 1362px) 62vw, 840px\" \/><\/figure>\n\n\n\n<figure class=\"wp-block-image size-large\"><img loading=\"lazy\" width=\"1024\" height=\"461\" src=\"https:\/\/caixabenicarlo.es\/blog\/wp-content\/uploads\/2023\/09\/Caixa-Benicarlo-Beques23-3-1024x461.jpg\" alt=\"\" class=\"wp-image-1129\" srcset=\"https:\/\/caixabenicarlo.es\/blog\/wp-content\/uploads\/2023\/09\/Caixa-Benicarlo-Beques23-3-1024x461.jpg 1024w, https:\/\/caixabenicarlo.es\/blog\/wp-content\/uploads\/2023\/09\/Caixa-Benicarlo-Beques23-3-300x135.jpg 300w, https:\/\/caixabenicarlo.es\/blog\/wp-content\/uploads\/2023\/09\/Caixa-Benicarlo-Beques23-3-768x346.jpg 768w, https:\/\/caixabenicarlo.es\/blog\/wp-content\/uploads\/2023\/09\/Caixa-Benicarlo-Beques23-3-1536x691.jpg 1536w, https:\/\/caixabenicarlo.es\/blog\/wp-content\/uploads\/2023\/09\/Caixa-Benicarlo-Beques23-3-1200x540.jpg 1200w, https:\/\/caixabenicarlo.es\/blog\/wp-content\/uploads\/2023\/09\/Caixa-Benicarlo-Beques23-3.jpg 1600w\" sizes=\"(max-width: 709px) 85vw, (max-width: 909px) 67vw, (max-width: 1362px) 62vw, 840px\" \/><\/figure>\n\n\n\n<figure class=\"wp-block-image size-large is-style-default\"><img loading=\"lazy\" width=\"1024\" height=\"520\" src=\"https:\/\/caixabenicarlo.es\/blog\/wp-content\/uploads\/2023\/09\/Caixa-Benicarlo-Beques23-4-1024x520.jpg\" alt=\"\" class=\"wp-image-1130\" srcset=\"https:\/\/caixabenicarlo.es\/blog\/wp-content\/uploads\/2023\/09\/Caixa-Benicarlo-Beques23-4-1024x520.jpg 1024w, https:\/\/caixabenicarlo.es\/blog\/wp-content\/uploads\/2023\/09\/Caixa-Benicarlo-Beques23-4-300x152.jpg 300w, https:\/\/caixabenicarlo.es\/blog\/wp-content\/uploads\/2023\/09\/Caixa-Benicarlo-Beques23-4-768x390.jpg 768w, https:\/\/caixabenicarlo.es\/blog\/wp-content\/uploads\/2023\/09\/Caixa-Benicarlo-Beques23-4-1536x780.jpg 1536w, https:\/\/caixabenicarlo.es\/blog\/wp-content\/uploads\/2023\/09\/Caixa-Benicarlo-Beques23-4-1200x609.jpg 1200w, https:\/\/caixabenicarlo.es\/blog\/wp-content\/uploads\/2023\/09\/Caixa-Benicarlo-Beques23-4.jpg 1599w\" sizes=\"(max-width: 709px) 85vw, (max-width: 909px) 67vw, (max-width: 1362px) 62vw, 840px\" \/><\/figure>\n","protected":false},"excerpt":{"rendered":"<p>Caixa Benicarl\u00f3 lliura la XXVII edici\u00f3 de les seues beques Caixa Benicarl\u00f3 entregava en la tarde del divendres 1 de setembre les &nbsp;Beques a l\u2019Excel\u00b7l\u00e8ncia Acad\u00e8mica que corresponen a la seua XXVIIena edici\u00f3. Els 12 estudiants guardonats rebran una beca individual de 1.000\u20ac que destinaran al estudis universitaris i superiors que comencen en el curs &hellip; <a href=\"https:\/\/caixabenicarlo.es\/blog\/?p=1126\" class=\"more-link\">Continuar leyendo<span class=\"screen-reader-text\"> \u00ab12.000\u20ac premien l\u2019Excel\u00b7l\u00e8ncia Acad\u00e8mica\u00bb<\/span><\/a><\/p>\n","protected":false},"author":2,"featured_media":1127,"comment_status":"closed","ping_status":"open","sticky":false,"template":"","format":"standard","meta":[],"categories":[4,5,1],"tags":[],"_links":{"self":[{"href":"https:\/\/caixabenicarlo.es\/blog\/index.php?rest_route=\/wp\/v2\/posts\/1126"}],"collection":[{"href":"https:\/\/caixabenicarlo.es\/blog\/index.php?rest_route=\/wp\/v2\/posts"}],"about":[{"href":"https:\/\/caixabenicarlo.es\/blog\/index.php?rest_route=\/wp\/v2\/types\/post"}],"author":[{"embeddable":true,"href":"https:\/\/caixabenicarlo.es\/blog\/index.php?rest_route=\/wp\/v2\/users\/2"}],"replies":[{"embeddable":true,"href":"https:\/\/caixabenicarlo.es\/blog\/index.php?rest_route=%2Fwp%2Fv2%2Fcomments&post=1126"}],"version-history":[{"count":1,"href":"https:\/\/caixabenicarlo.es\/blog\/index.php?rest_route=\/wp\/v2\/posts\/1126\/revisions"}],"predecessor-version":[{"id":1131,"href":"https:\/\/caixabenicarlo.es\/blog\/index.php?rest_route=\/wp\/v2\/posts\/1126\/revisions\/1131"}],"wp:featuredmedia":[{"embeddable":true,"href":"https:\/\/caixabenicarlo.es\/blog\/index.php?rest_route=\/wp\/v2\/media\/1127"}],"wp:attachment":[{"href":"https:\/\/caixabenicarlo.es\/blog\/index.php?rest_route=%2Fwp%2Fv2%2Fmedia&parent=1126"}],"wp:term":[{"taxonomy":"category","embeddable":true,"href":"https:\/\/caixabenicarlo.es\/blog\/index.php?rest_route=%2Fwp%2Fv2%2Fcategories&post=1126"},{"taxonomy":"post_tag","embeddable":true,"href":"https:\/\/caixabenicarlo.es\/blog\/index.php?rest_route=%2Fwp%2Fv2%2Ftags&post=1126"}],"curies":[{"name":"wp","href":"https:\/\/api.w.org\/{rel}","templated":true}]}}