{"id":1140,"date":"2023-10-20T22:29:40","date_gmt":"2023-10-20T22:29:40","guid":{"rendered":"https:\/\/caixabenicarlo.es\/blog\/?p=1140"},"modified":"2023-10-20T23:02:48","modified_gmt":"2023-10-20T23:02:48","slug":"lexposicio-re-trazos-avanca-els-personatges-del-calendari-de-caixa-benicarlo-2024","status":"publish","type":"post","link":"https:\/\/caixabenicarlo.es\/blog\/?p=1140","title":{"rendered":"L\u2019exposici\u00f3 \u201cRe-trazos\u201d avan\u00e7a els personatges del calendari de Caixa Benicarl\u00f3 2024"},"content":{"rendered":"\n<p><\/p>\n\n\n\n<p><strong>Caixa Benicarl\u00f3 inaugurava divendres 20 d\u2019octubre l\u2019exposici\u00f3 \u201cRe-trazos per al record\u201d, una mostra formada per 24 personatges mereixedors d\u2019un calendari, obra de l\u2019artista benicarlando, Manuel Sorl\u00ed Torres. El benefici de la mostra, que es pot visitar fins diumenge 5 de novembre al sal\u00f3 social de l\u2019entitat banc\u00e0ria benicarlanda, es destinar\u00e0 a la restauraci\u00f3 de la capella de Sant Pere.<\/strong><\/p>\n\n\n\n<p>Tal i com detallava el propi autor <em>\u201cs\u00f3n un total de 24 retrats de personatges ben coneguts en alguna de les localitats en les quals Caixa Benicarl\u00f3 t\u00e9 oficines, \u00e9s a dir, Benicarl\u00f3, Pen\u00edscola, C\u00e0lig i Cervera del Maestre i que s\u2019han realitzat al llarg de 10 mesos\u201d. <\/em>Moss\u00e8n Tom\u00e1s, Sion Ferrer, Alfred Ayza, M\u00aa Teresa Traver, Vicent Messeguer o Pedro Mercader s\u00f3n nom\u00e9s alguns dels personatges que estaran presents en els fulls de l\u2019almanac 202 de l\u2019entitat financera benicarlanda.<\/p>\n\n\n\n<p>&nbsp;<em>\u201cEls visitants de l\u2019exposici\u00f3 tindran l\u2019oportunitat d\u2019escollir els 12 retrats que composaran les l\u00e0mines de tots els mesos del nostre calendari, per\u00f2 les 24 obres apareixeran en el calendari, ja que les altres 12 composaran una l\u00e0mina final<\/em>\u201d, <em>explicava <\/em>el director general de Benihort, Jos\u00e9 Manuel Gal\u00e1n.<\/p>\n\n\n\n<p>Per la seua banda, el president de Caixa Benicarl\u00f3, Vicent Par\u00eds, donava les gr\u00e0cies a Manuel Sorl\u00ed <em>\u201cpel seu art i per haver acceptat l\u2019enc\u00e0rrec, per\u00f2 tamb\u00e9 per la seua generositat, ja que ha renunciat a cobrar totes aquestes obres, que formaran part del fons pict\u00f2ric de la nostra Fundaci\u00f3\u201d<\/em>. En este sentit Par\u00eds ressaltava que el benefici de l\u2019exposici\u00f3 es destinar\u00e0 a la restauraci\u00f3 de la capella del Sant Crist de la Mar, amb motiu del centenari del temple que conclour\u00e0 el proper any.<\/p>\n\n\n\n<p>Aprofitant la pres\u00e8ncia de Moss\u00e8n Joan Andr\u00e9s, rector de la Parr\u00f2quia de Sant Pere, l\u2019entitat banc\u00e0ria benicarlanda li feia entrega del donatiu.<\/p>\n\n\n\n<figure class=\"wp-block-image size-large\"><img loading=\"lazy\" width=\"1024\" height=\"768\" src=\"https:\/\/caixabenicarlo.es\/blog\/wp-content\/uploads\/2023\/10\/20231020_190022-1024x768.jpg\" alt=\"\" class=\"wp-image-1142\" srcset=\"https:\/\/caixabenicarlo.es\/blog\/wp-content\/uploads\/2023\/10\/20231020_190022-1024x768.jpg 1024w, https:\/\/caixabenicarlo.es\/blog\/wp-content\/uploads\/2023\/10\/20231020_190022-300x225.jpg 300w, https:\/\/caixabenicarlo.es\/blog\/wp-content\/uploads\/2023\/10\/20231020_190022-768x576.jpg 768w, https:\/\/caixabenicarlo.es\/blog\/wp-content\/uploads\/2023\/10\/20231020_190022-1536x1152.jpg 1536w, https:\/\/caixabenicarlo.es\/blog\/wp-content\/uploads\/2023\/10\/20231020_190022-2048x1536.jpg 2048w, https:\/\/caixabenicarlo.es\/blog\/wp-content\/uploads\/2023\/10\/20231020_190022-1200x900.jpg 1200w\" sizes=\"(max-width: 709px) 85vw, (max-width: 909px) 67vw, (max-width: 1362px) 62vw, 840px\" \/><\/figure>\n\n\n\n<figure class=\"wp-block-image size-large\"><img loading=\"lazy\" width=\"1024\" height=\"768\" src=\"https:\/\/caixabenicarlo.es\/blog\/wp-content\/uploads\/2023\/10\/20231020_185800-1024x768.jpg\" alt=\"\" class=\"wp-image-1143\" srcset=\"https:\/\/caixabenicarlo.es\/blog\/wp-content\/uploads\/2023\/10\/20231020_185800-1024x768.jpg 1024w, https:\/\/caixabenicarlo.es\/blog\/wp-content\/uploads\/2023\/10\/20231020_185800-300x225.jpg 300w, https:\/\/caixabenicarlo.es\/blog\/wp-content\/uploads\/2023\/10\/20231020_185800-768x576.jpg 768w, https:\/\/caixabenicarlo.es\/blog\/wp-content\/uploads\/2023\/10\/20231020_185800-1536x1152.jpg 1536w, https:\/\/caixabenicarlo.es\/blog\/wp-content\/uploads\/2023\/10\/20231020_185800-2048x1536.jpg 2048w, https:\/\/caixabenicarlo.es\/blog\/wp-content\/uploads\/2023\/10\/20231020_185800-1200x900.jpg 1200w\" sizes=\"(max-width: 709px) 85vw, (max-width: 909px) 67vw, (max-width: 1362px) 62vw, 840px\" \/><\/figure>\n\n\n\n<figure class=\"wp-block-image size-large\"><img loading=\"lazy\" width=\"1024\" height=\"768\" src=\"https:\/\/caixabenicarlo.es\/blog\/wp-content\/uploads\/2023\/10\/20231020_185745-1024x768.jpg\" alt=\"\" class=\"wp-image-1144\" srcset=\"https:\/\/caixabenicarlo.es\/blog\/wp-content\/uploads\/2023\/10\/20231020_185745-1024x768.jpg 1024w, https:\/\/caixabenicarlo.es\/blog\/wp-content\/uploads\/2023\/10\/20231020_185745-300x225.jpg 300w, https:\/\/caixabenicarlo.es\/blog\/wp-content\/uploads\/2023\/10\/20231020_185745-768x576.jpg 768w, https:\/\/caixabenicarlo.es\/blog\/wp-content\/uploads\/2023\/10\/20231020_185745-1536x1152.jpg 1536w, https:\/\/caixabenicarlo.es\/blog\/wp-content\/uploads\/2023\/10\/20231020_185745-2048x1536.jpg 2048w, https:\/\/caixabenicarlo.es\/blog\/wp-content\/uploads\/2023\/10\/20231020_185745-1200x900.jpg 1200w\" sizes=\"(max-width: 709px) 85vw, (max-width: 909px) 67vw, (max-width: 1362px) 62vw, 840px\" \/><\/figure>\n\n\n\n<figure class=\"wp-block-image size-large\"><img loading=\"lazy\" width=\"1024\" height=\"768\" src=\"https:\/\/caixabenicarlo.es\/blog\/wp-content\/uploads\/2023\/10\/20231020_194606-1024x768.jpg\" alt=\"\" class=\"wp-image-1145\" srcset=\"https:\/\/caixabenicarlo.es\/blog\/wp-content\/uploads\/2023\/10\/20231020_194606-1024x768.jpg 1024w, https:\/\/caixabenicarlo.es\/blog\/wp-content\/uploads\/2023\/10\/20231020_194606-300x225.jpg 300w, https:\/\/caixabenicarlo.es\/blog\/wp-content\/uploads\/2023\/10\/20231020_194606-768x576.jpg 768w, https:\/\/caixabenicarlo.es\/blog\/wp-content\/uploads\/2023\/10\/20231020_194606-1536x1152.jpg 1536w, https:\/\/caixabenicarlo.es\/blog\/wp-content\/uploads\/2023\/10\/20231020_194606-2048x1536.jpg 2048w, https:\/\/caixabenicarlo.es\/blog\/wp-content\/uploads\/2023\/10\/20231020_194606-1200x900.jpg 1200w\" sizes=\"(max-width: 709px) 85vw, (max-width: 909px) 67vw, (max-width: 1362px) 62vw, 840px\" \/><\/figure>\n\n\n\n<figure class=\"wp-block-image size-large\"><img loading=\"lazy\" width=\"1024\" height=\"768\" src=\"https:\/\/caixabenicarlo.es\/blog\/wp-content\/uploads\/2023\/10\/20231020_191439-1024x768.jpg\" alt=\"\" class=\"wp-image-1146\" srcset=\"https:\/\/caixabenicarlo.es\/blog\/wp-content\/uploads\/2023\/10\/20231020_191439-1024x768.jpg 1024w, https:\/\/caixabenicarlo.es\/blog\/wp-content\/uploads\/2023\/10\/20231020_191439-300x225.jpg 300w, https:\/\/caixabenicarlo.es\/blog\/wp-content\/uploads\/2023\/10\/20231020_191439-768x576.jpg 768w, https:\/\/caixabenicarlo.es\/blog\/wp-content\/uploads\/2023\/10\/20231020_191439-1536x1152.jpg 1536w, https:\/\/caixabenicarlo.es\/blog\/wp-content\/uploads\/2023\/10\/20231020_191439-2048x1536.jpg 2048w, https:\/\/caixabenicarlo.es\/blog\/wp-content\/uploads\/2023\/10\/20231020_191439-1200x900.jpg 1200w\" sizes=\"(max-width: 709px) 85vw, (max-width: 909px) 67vw, (max-width: 1362px) 62vw, 840px\" \/><\/figure>\n\n\n\n<figure class=\"wp-block-image size-large\"><img loading=\"lazy\" width=\"1024\" height=\"768\" src=\"https:\/\/caixabenicarlo.es\/blog\/wp-content\/uploads\/2023\/10\/20231020_191318-1024x768.jpg\" alt=\"\" class=\"wp-image-1150\" srcset=\"https:\/\/caixabenicarlo.es\/blog\/wp-content\/uploads\/2023\/10\/20231020_191318-1024x768.jpg 1024w, https:\/\/caixabenicarlo.es\/blog\/wp-content\/uploads\/2023\/10\/20231020_191318-300x225.jpg 300w, https:\/\/caixabenicarlo.es\/blog\/wp-content\/uploads\/2023\/10\/20231020_191318-768x576.jpg 768w, https:\/\/caixabenicarlo.es\/blog\/wp-content\/uploads\/2023\/10\/20231020_191318-1536x1152.jpg 1536w, https:\/\/caixabenicarlo.es\/blog\/wp-content\/uploads\/2023\/10\/20231020_191318-2048x1536.jpg 2048w, https:\/\/caixabenicarlo.es\/blog\/wp-content\/uploads\/2023\/10\/20231020_191318-1200x900.jpg 1200w\" sizes=\"(max-width: 709px) 85vw, (max-width: 909px) 67vw, (max-width: 1362px) 62vw, 840px\" \/><\/figure>\n","protected":false},"excerpt":{"rendered":"<p>Caixa Benicarl\u00f3 inaugurava divendres 20 d\u2019octubre l\u2019exposici\u00f3 \u201cRe-trazos per al record\u201d, una mostra formada per 24 personatges mereixedors d\u2019un calendari, obra de l\u2019artista benicarlando, Manuel Sorl\u00ed Torres. El benefici de la mostra, que es pot visitar fins diumenge 5 de novembre al sal\u00f3 social de l\u2019entitat banc\u00e0ria benicarlanda, es destinar\u00e0 a la restauraci\u00f3 de la &hellip; <a href=\"https:\/\/caixabenicarlo.es\/blog\/?p=1140\" class=\"more-link\">Continuar leyendo<span class=\"screen-reader-text\"> \u00abL\u2019exposici\u00f3 \u201cRe-trazos\u201d avan\u00e7a els personatges del calendari de Caixa Benicarl\u00f3 2024\u00bb<\/span><\/a><\/p>\n","protected":false},"author":2,"featured_media":1141,"comment_status":"closed","ping_status":"open","sticky":false,"template":"","format":"standard","meta":[],"categories":[1],"tags":[],"_links":{"self":[{"href":"https:\/\/caixabenicarlo.es\/blog\/index.php?rest_route=\/wp\/v2\/posts\/1140"}],"collection":[{"href":"https:\/\/caixabenicarlo.es\/blog\/index.php?rest_route=\/wp\/v2\/posts"}],"about":[{"href":"https:\/\/caixabenicarlo.es\/blog\/index.php?rest_route=\/wp\/v2\/types\/post"}],"author":[{"embeddable":true,"href":"https:\/\/caixabenicarlo.es\/blog\/index.php?rest_route=\/wp\/v2\/users\/2"}],"replies":[{"embeddable":true,"href":"https:\/\/caixabenicarlo.es\/blog\/index.php?rest_route=%2Fwp%2Fv2%2Fcomments&post=1140"}],"version-history":[{"count":5,"href":"https:\/\/caixabenicarlo.es\/blog\/index.php?rest_route=\/wp\/v2\/posts\/1140\/revisions"}],"predecessor-version":[{"id":1152,"href":"https:\/\/caixabenicarlo.es\/blog\/index.php?rest_route=\/wp\/v2\/posts\/1140\/revisions\/1152"}],"wp:featuredmedia":[{"embeddable":true,"href":"https:\/\/caixabenicarlo.es\/blog\/index.php?rest_route=\/wp\/v2\/media\/1141"}],"wp:attachment":[{"href":"https:\/\/caixabenicarlo.es\/blog\/index.php?rest_route=%2Fwp%2Fv2%2Fmedia&parent=1140"}],"wp:term":[{"taxonomy":"category","embeddable":true,"href":"https:\/\/caixabenicarlo.es\/blog\/index.php?rest_route=%2Fwp%2Fv2%2Fcategories&post=1140"},{"taxonomy":"post_tag","embeddable":true,"href":"https:\/\/caixabenicarlo.es\/blog\/index.php?rest_route=%2Fwp%2Fv2%2Ftags&post=1140"}],"curies":[{"name":"wp","href":"https:\/\/api.w.org\/{rel}","templated":true}]}}