{"id":1236,"date":"2024-06-03T23:50:24","date_gmt":"2024-06-03T23:50:24","guid":{"rendered":"https:\/\/caixabenicarlo.es\/blog\/?p=1236"},"modified":"2024-06-03T23:50:24","modified_gmt":"2024-06-03T23:50:24","slug":"record-dactivitat-i-resultats-en-2023-per-a-caixa-benicarlo","status":"publish","type":"post","link":"https:\/\/caixabenicarlo.es\/blog\/?p=1236","title":{"rendered":"R\u00e8cord d\u2019activitat i resultats en 2023 per a  Caixa Benicarl\u00f3"},"content":{"rendered":"\n<p><\/p>\n\n\n\n<p><\/p>\n\n\n\n<p class=\"has-text-align-center\"><strong>El seu balan\u00e7 supere els 394 milions d\u2019euros i destinar\u00e0 251 mil euros al pressupost social<\/strong><\/p>\n\n\n\n<p>Caixa Benicarl\u00f3 va tancar el passat any amb una xifra d\u2019actius totals gestionats de 394 milions d\u2019euros i un volum de negoci de 435 milions d\u2019euros, dades que signifiquen un creixement d\u2019un 3,56%, respecte a l\u2019exercici 2022. A m\u00e9s a m\u00e9s, gr\u00e0cies als seus resultats, l\u2019entitat cooperativa benicarlanda destinar\u00e0 al creixement social, cultural i esportiu del seu entorn 251 mil euros. Estes xifres s\u2019extrauen de la Mem\u00f2ria Econ\u00f2mica i Social 2023 presentada en l\u2019Assemblea General Ordin\u00e0ria celebrada dilluns 3 de juny a l\u2019Auditori Pedro Mercader de la ciutat.<\/p>\n\n\n\n<p>Els encarregats de presentar els comptes anuals de l\u2019entitat de cr\u00e8dit cooperativa benicarlanda van ser el president, Vicent Par\u00eds For\u00e9s, el director general, Jos\u00e9 Manuel Gal\u00e1n Foix, i el director de la Unitat Global de Risc, Santiago Machordom Bautista, a tocant del secretari, Jos\u00e9 Lu\u00eds Fandos.<\/p>\n\n\n\n<p>Durant la seua intervenci\u00f3, el president, Vicent Par\u00eds For\u00e9s, es va referir als resultats de 2023 com <em>\u201cun exercici econ\u00f2mic exit\u00f3s que ens permet assentar les bases per afrontar diversos reptes importants per a la nostra cooperativa de cr\u00e8dit, com s\u00f3n l\u2019expansi\u00f3 territorial i l\u2019adopci\u00f3 del canal digital com a part estrat\u00e8gica del nostre desenvolupament empresarial\u201d.<\/em><\/p>\n\n\n\n<p><strong>Persones amb cor<\/strong><\/p>\n\n\n\n<p>Caixa Benicarl\u00f3 compte actualment amb <em>19.771 clients, dels quals 5.276 s\u00f3n socis.<\/em> <em>\u201cFruit d\u2019aquesta aposta per la societat que ens envolte s\u00f3n els 251 mil euros de pressupost social de la nostra entitat i la Fundaci\u00f3 Caixa Benicarl\u00f3, per cobrir les accions i ajudes destinades a diferents sectors i associacions, retornant aix\u00ed una part important del benefici econ\u00f2mic del nostre balan\u00e7 cap al progr\u00e9s de la nostra gent\u201d,<\/em> tal i com apuntava el director general, Jos\u00e9 Manuel Gal\u00e1n Foix. &nbsp;Diferents patrocinis i col\u00b7laboracions a entitats culturals, socials i esportives, la promoci\u00f3 de productes benicarlandos con la Carxofa amb Denominaci\u00f3 d\u2019Origen Protegida, o la difusi\u00f3 del cooperativisme s\u00f3n nom\u00e9s algunes de les accions a les quals Caixa Benicarl\u00f3 destine el seu pressupost social. Sense oblidar els 12.000\u20ac que van rebre, tant la Campanya Caixa Solid\u00e0ria com els Premis a l\u2019Excel\u00b7l\u00e8ncia Acad\u00e8mica, a m\u00e9s dels 663 xecs escolars que es van distribuir per valor de 33.150\u20ac o el patrocini dels&nbsp; Premis literaris \u201cCiutat de Benicarl\u00f3\u201d, entre d\u2019altres iniciatives.<\/p>\n\n\n\n<p><strong>Noves &nbsp;oficines<\/strong><\/p>\n\n\n\n<p>6 s\u00f3n els nous llocs de treball que Caixa Benicarl\u00f3 ha creat en 2023, i avui en dia emplea ja a 36 persones en les seues 5 oficines de Benicarl\u00f3, Pen\u00edscola, C\u00e0lig i l\u2019extensi\u00f3 de Cervera, exercitant una banca cooperativa i de proximitat. Properament obrir\u00e0 una oficina a la capital de prov\u00edncia, a Castell\u00f3 de la Plana, aix\u00ed com al sud de la prov\u00edncia de Tarragona, a Amposta. Per este motiu comen\u00e7ar\u00e0, en breu, un nou proc\u00e9s de selecci\u00f3 de personal per a perfils que compten amb formaci\u00f3 i amb inquietuds comercials.<\/p>\n\n\n\n<p>Esta expansi\u00f3 geogr\u00e0fica \u00e9s un dels tres pilars que contempla el Pla Estrat\u00e8gic de Caixa Benicarl\u00f3 2024-26, mentre que l\u2019expansi\u00f3 del negoci digital per oferir l\u2019omnicanalitat en horari 24-7 a trav\u00e9s de la creaci\u00f3 d\u2019una oficina de gesti\u00f3 remota denominada \u201ca prop\u201d \u00e9s el segon. El tercer pilar \u00e9s la vinculaci\u00f3 de socis i clients, a trav\u00e9s dels productes i serveis que Caixa Benicarl\u00f3 oferix com a banca universal.<\/p>\n\n\n\n<figure class=\"wp-block-image size-large\"><img loading=\"lazy\" width=\"1024\" height=\"576\" src=\"https:\/\/caixabenicarlo.es\/blog\/wp-content\/uploads\/2024\/06\/Assemblea-Caixa-Benicarlo-2024-3-1024x576.jpg\" alt=\"\" class=\"wp-image-1238\" srcset=\"https:\/\/caixabenicarlo.es\/blog\/wp-content\/uploads\/2024\/06\/Assemblea-Caixa-Benicarlo-2024-3-1024x576.jpg 1024w, https:\/\/caixabenicarlo.es\/blog\/wp-content\/uploads\/2024\/06\/Assemblea-Caixa-Benicarlo-2024-3-300x169.jpg 300w, https:\/\/caixabenicarlo.es\/blog\/wp-content\/uploads\/2024\/06\/Assemblea-Caixa-Benicarlo-2024-3-768x432.jpg 768w, https:\/\/caixabenicarlo.es\/blog\/wp-content\/uploads\/2024\/06\/Assemblea-Caixa-Benicarlo-2024-3-1536x864.jpg 1536w, https:\/\/caixabenicarlo.es\/blog\/wp-content\/uploads\/2024\/06\/Assemblea-Caixa-Benicarlo-2024-3-2048x1152.jpg 2048w, https:\/\/caixabenicarlo.es\/blog\/wp-content\/uploads\/2024\/06\/Assemblea-Caixa-Benicarlo-2024-3-1200x675.jpg 1200w\" sizes=\"(max-width: 709px) 85vw, (max-width: 909px) 67vw, (max-width: 1362px) 62vw, 840px\" \/><\/figure>\n\n\n\n<figure class=\"wp-block-gallery columns-1 is-cropped\"><ul class=\"blocks-gallery-grid\"><li class=\"blocks-gallery-item\"><figure><img loading=\"lazy\" width=\"1024\" height=\"576\" src=\"https:\/\/caixabenicarlo.es\/blog\/wp-content\/uploads\/2024\/06\/Assemblea-Caixa-Benicarlo-2024-4-1-1024x576.jpg\" alt=\"\" data-id=\"1240\" data-full-url=\"https:\/\/caixabenicarlo.es\/blog\/wp-content\/uploads\/2024\/06\/Assemblea-Caixa-Benicarlo-2024-4-1.jpg\" data-link=\"https:\/\/caixabenicarlo.es\/blog\/?attachment_id=1240\" class=\"wp-image-1240\" srcset=\"https:\/\/caixabenicarlo.es\/blog\/wp-content\/uploads\/2024\/06\/Assemblea-Caixa-Benicarlo-2024-4-1-1024x576.jpg 1024w, https:\/\/caixabenicarlo.es\/blog\/wp-content\/uploads\/2024\/06\/Assemblea-Caixa-Benicarlo-2024-4-1-300x169.jpg 300w, https:\/\/caixabenicarlo.es\/blog\/wp-content\/uploads\/2024\/06\/Assemblea-Caixa-Benicarlo-2024-4-1-768x432.jpg 768w, https:\/\/caixabenicarlo.es\/blog\/wp-content\/uploads\/2024\/06\/Assemblea-Caixa-Benicarlo-2024-4-1-1536x864.jpg 1536w, https:\/\/caixabenicarlo.es\/blog\/wp-content\/uploads\/2024\/06\/Assemblea-Caixa-Benicarlo-2024-4-1-1200x675.jpg 1200w, https:\/\/caixabenicarlo.es\/blog\/wp-content\/uploads\/2024\/06\/Assemblea-Caixa-Benicarlo-2024-4-1.jpg 1920w\" sizes=\"(max-width: 709px) 85vw, (max-width: 909px) 67vw, (max-width: 1362px) 62vw, 840px\" \/><\/figure><\/li><\/ul><\/figure>\n","protected":false},"excerpt":{"rendered":"<p>El seu balan\u00e7 supere els 394 milions d\u2019euros i destinar\u00e0 251 mil euros al pressupost social Caixa Benicarl\u00f3 va tancar el passat any amb una xifra d\u2019actius totals gestionats de 394 milions d\u2019euros i un volum de negoci de 435 milions d\u2019euros, dades que signifiquen un creixement d\u2019un 3,56%, respecte a l\u2019exercici 2022. A m\u00e9s &hellip; <a href=\"https:\/\/caixabenicarlo.es\/blog\/?p=1236\" class=\"more-link\">Continuar leyendo<span class=\"screen-reader-text\"> \u00abR\u00e8cord d\u2019activitat i resultats en 2023 per a  Caixa Benicarl\u00f3\u00bb<\/span><\/a><\/p>\n","protected":false},"author":2,"featured_media":1237,"comment_status":"closed","ping_status":"open","sticky":false,"template":"","format":"standard","meta":[],"categories":[1],"tags":[],"_links":{"self":[{"href":"https:\/\/caixabenicarlo.es\/blog\/index.php?rest_route=\/wp\/v2\/posts\/1236"}],"collection":[{"href":"https:\/\/caixabenicarlo.es\/blog\/index.php?rest_route=\/wp\/v2\/posts"}],"about":[{"href":"https:\/\/caixabenicarlo.es\/blog\/index.php?rest_route=\/wp\/v2\/types\/post"}],"author":[{"embeddable":true,"href":"https:\/\/caixabenicarlo.es\/blog\/index.php?rest_route=\/wp\/v2\/users\/2"}],"replies":[{"embeddable":true,"href":"https:\/\/caixabenicarlo.es\/blog\/index.php?rest_route=%2Fwp%2Fv2%2Fcomments&post=1236"}],"version-history":[{"count":1,"href":"https:\/\/caixabenicarlo.es\/blog\/index.php?rest_route=\/wp\/v2\/posts\/1236\/revisions"}],"predecessor-version":[{"id":1241,"href":"https:\/\/caixabenicarlo.es\/blog\/index.php?rest_route=\/wp\/v2\/posts\/1236\/revisions\/1241"}],"wp:featuredmedia":[{"embeddable":true,"href":"https:\/\/caixabenicarlo.es\/blog\/index.php?rest_route=\/wp\/v2\/media\/1237"}],"wp:attachment":[{"href":"https:\/\/caixabenicarlo.es\/blog\/index.php?rest_route=%2Fwp%2Fv2%2Fmedia&parent=1236"}],"wp:term":[{"taxonomy":"category","embeddable":true,"href":"https:\/\/caixabenicarlo.es\/blog\/index.php?rest_route=%2Fwp%2Fv2%2Fcategories&post=1236"},{"taxonomy":"post_tag","embeddable":true,"href":"https:\/\/caixabenicarlo.es\/blog\/index.php?rest_route=%2Fwp%2Fv2%2Ftags&post=1236"}],"curies":[{"name":"wp","href":"https:\/\/api.w.org\/{rel}","templated":true}]}}