{"id":1243,"date":"2024-06-19T20:59:43","date_gmt":"2024-06-19T20:59:43","guid":{"rendered":"https:\/\/caixabenicarlo.es\/blog\/?p=1243"},"modified":"2024-06-19T21:04:04","modified_gmt":"2024-06-19T21:04:04","slug":"caixa-benicarlo-amplia-les-beques-dexcel%c2%b7lencia-academica-a-14-400e","status":"publish","type":"post","link":"https:\/\/caixabenicarlo.es\/blog\/?p=1243","title":{"rendered":"Caixa Benicarl\u00f3 amplia les Beques d\u2019Excel\u00b7l\u00e8ncia Acad\u00e8mica a 14.400\u20ac"},"content":{"rendered":"\n<p><strong>Cada beca ser\u00e0 de 1.200\u20ac, a partir d\u2019enguany<\/strong><\/p>\n\n\n\n<p>Caixa Benicarl\u00f3 ha convocat, un any m\u00e9s, les Beques a l\u2019Excel\u00b7l\u00e8ncia Acad\u00e8mica, que arriben ja a la seua XXVIII edici\u00f3. Com a novetat, les 12 persones guardonades rebran una beca individual de 1.200\u20ac, el que supose 200\u20ac m\u00e9s per estudiant. Aix\u00ed, l\u2019entitat cooperativa benicarlanda destinar\u00e0 a esta iniciativa que invertix en la formaci\u00f3 del capital hum\u00e0 una quantia total de 14.400\u20ac. El termini per presentar les sol\u00b7licituds finalitze el proper 30 de juliol.<\/p>\n\n\n\n<p>Les Beques a l\u2019Excel\u00b7l\u00e8ncia Acad\u00e8mica de Caixa Benicarl\u00f3 afavorixen els fills dels socis i s\u00f2cies de l\u2019entitat banc\u00e0ria benicarlanda que compleixen determinats vincles comercials, a la vista de les avaluacions obtingudes en les proves d\u2019acc\u00e9s a la Universitat.&nbsp; Tal i com ha explicat el director general, Josep Manel Gal\u00e1n, \u201cpodran obtindre la beca els alumnes que hagen acabat els seus estudis en el curs 2023\/2024 en els Instituts d\u2019Ensenyament Secundari: Ram\u00f3n Cid, Joan Coromines i La Salle de Benicarl\u00f3 i el Alfred Ayza de Pen\u00edscola, que obtinguen major qualificaci\u00f3 definitiva del seu expedient, amb una nota de tall o m\u00ednima de 7,5\u201d.<\/p>\n\n\n\n<p>Gal\u00e1n detalle que \u201cla nota tinguda en compte ser\u00e0 la Nota d\u2019Acc\u00e9s a la Universitat, es a dir, la resultant entre l\u2019expedient de batxillerat i la mitjana de les qualificacions obtingudes en la fase general de la prova d\u2019acc\u00e9s a la Universitat en la primera convocat\u00f2ria, sense que siga d\u2019aplicaci\u00f3 la nota resultant de la fase espec\u00edfica. Les dotze beques disponibles es repartiran atenent, \u00fanicament, la qualificaci\u00f3, amb independ\u00e8ncia de quin siga l\u2019institut en qu\u00e8 han cursat els estudis. Coneguda la nota individual, es classificaran els alumnes per ordre decreixent a la seua nota particular\u201d.<\/p>\n\n\n\n<p>Els joves estudiants podran destinar la beca al seus estudis universitaris i superiors del curs 2024-2025. Els possibles beneficiaris poden sol\u00b7licitar-la fins el 30 de juliol, facilitant a la Fundaci\u00f3 Caixa Benicarl\u00f3, c\u00f2pia del resultat de les \u201cProves d\u2019aptitud per a l\u2019acc\u00e9s a la Universitat\u201d.<\/p>\n\n\n\n<p>Es pot consultar tota la informaci\u00f3 referent a estes Beques a l\u2019Excel\u00b7l\u00e8ncia Acad\u00e8mica en les bases que l\u2019entitat t\u00e9 publicades al seu web www<a href=\"https:\/\/www.caixabenicarlo.es\/wp-content\/uploads\/2024\/06\/basesXXVIIIedicio_beques.pdf\">.caixabenicarlo.es<\/a><\/p>\n","protected":false},"excerpt":{"rendered":"<p>Cada beca ser\u00e0 de 1.200\u20ac, a partir d\u2019enguany Caixa Benicarl\u00f3 ha convocat, un any m\u00e9s, les Beques a l\u2019Excel\u00b7l\u00e8ncia Acad\u00e8mica, que arriben ja a la seua XXVIII edici\u00f3. Com a novetat, les 12 persones guardonades rebran una beca individual de 1.200\u20ac, el que supose 200\u20ac m\u00e9s per estudiant. Aix\u00ed, l\u2019entitat cooperativa benicarlanda destinar\u00e0 a esta &hellip; <a href=\"https:\/\/caixabenicarlo.es\/blog\/?p=1243\" class=\"more-link\">Continuar leyendo<span class=\"screen-reader-text\"> \u00abCaixa Benicarl\u00f3 amplia les Beques d\u2019Excel\u00b7l\u00e8ncia Acad\u00e8mica a 14.400\u20ac\u00bb<\/span><\/a><\/p>\n","protected":false},"author":2,"featured_media":0,"comment_status":"closed","ping_status":"open","sticky":false,"template":"","format":"standard","meta":[],"categories":[1],"tags":[],"_links":{"self":[{"href":"https:\/\/caixabenicarlo.es\/blog\/index.php?rest_route=\/wp\/v2\/posts\/1243"}],"collection":[{"href":"https:\/\/caixabenicarlo.es\/blog\/index.php?rest_route=\/wp\/v2\/posts"}],"about":[{"href":"https:\/\/caixabenicarlo.es\/blog\/index.php?rest_route=\/wp\/v2\/types\/post"}],"author":[{"embeddable":true,"href":"https:\/\/caixabenicarlo.es\/blog\/index.php?rest_route=\/wp\/v2\/users\/2"}],"replies":[{"embeddable":true,"href":"https:\/\/caixabenicarlo.es\/blog\/index.php?rest_route=%2Fwp%2Fv2%2Fcomments&post=1243"}],"version-history":[{"count":3,"href":"https:\/\/caixabenicarlo.es\/blog\/index.php?rest_route=\/wp\/v2\/posts\/1243\/revisions"}],"predecessor-version":[{"id":1245,"href":"https:\/\/caixabenicarlo.es\/blog\/index.php?rest_route=\/wp\/v2\/posts\/1243\/revisions\/1245"}],"wp:attachment":[{"href":"https:\/\/caixabenicarlo.es\/blog\/index.php?rest_route=%2Fwp%2Fv2%2Fmedia&parent=1243"}],"wp:term":[{"taxonomy":"category","embeddable":true,"href":"https:\/\/caixabenicarlo.es\/blog\/index.php?rest_route=%2Fwp%2Fv2%2Fcategories&post=1243"},{"taxonomy":"post_tag","embeddable":true,"href":"https:\/\/caixabenicarlo.es\/blog\/index.php?rest_route=%2Fwp%2Fv2%2Ftags&post=1243"}],"curies":[{"name":"wp","href":"https:\/\/api.w.org\/{rel}","templated":true}]}}