{"id":1377,"date":"2026-02-25T20:38:40","date_gmt":"2026-02-25T20:38:40","guid":{"rendered":"https:\/\/caixabenicarlo.es\/blog\/?p=1377"},"modified":"2026-02-25T20:47:33","modified_gmt":"2026-02-25T20:47:33","slug":"caixa-benicarlo-adquireix-lemblematica-casa-belda-per-convertir-la-en-un-nou-espai-cultural-i-associatiu-per-a-tota-la-comarca","status":"publish","type":"post","link":"https:\/\/caixabenicarlo.es\/blog\/?p=1377","title":{"rendered":"Caixa Benicarl\u00f3 adquireix l\u2019emblem\u00e0tica Casa Belda per convertir-la en un nou espai cultural i associatiu per a tota la comarca"},"content":{"rendered":"\n<p>El Consell Rector de Caixa Benicarl\u00f3, junt amb el Patronat de la Fundaci\u00f3 Caixa Benicarl\u00f3, va fer dilluns 23 de febrer un pas molt significatiu en la hist\u00f2ria de l\u2019entitat: l\u2019adquisici\u00f3 de la coneguda Casa Belda, un singular palauet situat al cor de la ciutat, al carrer Ferreres Bret\u00f3 n\u00fam. 42.<\/p>\n\n\n\n<p>L\u2019operaci\u00f3 va quedar formalitzada dimecres 25 de febrer amb la signatura de l\u2019escriptura p\u00fablica davant el notari de Benicarl\u00f3, el senyor Jos\u00e9 Luis Fern\u00e1ndez, culminant aix\u00ed un proc\u00e9s que el Consell Rector ha abordat amb especial atenci\u00f3 en els \u00faltims mesos.<\/p>\n\n\n\n<p><strong>Un edifici amb hist\u00f2ria<\/strong><\/p>\n\n\n\n<p>La Casa Belda \u00e9s una construcci\u00f3 molt present en la mem\u00f2ria col\u00b7lectiva de Benicarl\u00f3. Els seus or\u00edgens es remunten a la primera meitat del segle passat, quan l\u2019immoble va ser concebut com un edifici que albergava, a la planta baixa, el garatge de camions de l\u2019empresa de transports Belda, i als pisos superiors, la resid\u00e8ncia familiar.<\/p>\n\n\n\n<p>La combinaci\u00f3 de la seua ubicaci\u00f3 c\u00e8ntrica, la intensa activitat de l\u2019empresa i la pres\u00e8ncia quotidiana de la fam\u00edlia Belda va fer que l\u2019edifici adquirira prompte identitat pr\u00f2pia i fora conegut per tots com la Casa Belda.<\/p>\n\n\n\n<p>Posteriorment, l\u2019empresari Gaspar Brau en va adquirir la propietat i va impulsar una profunda rehabilitaci\u00f3 per transformar-lo en un elegant palauet d\u2019inspiraci\u00f3 colonial. Fins a l\u2019actualitat, l\u2019edifici ha sigut la seua resid\u00e8ncia, conservant el seu car\u00e0cter singular i la pres\u00e8ncia arquitect\u00f2nica que l\u2019han convertit en un referent reconeixible per generacions de ve\u00efns.<\/p>\n\n\n\n<p><strong>Un projecte per a celebrar 25 anys de Fundaci\u00f3<\/strong><\/p>\n\n\n\n<p>L\u2019adquisici\u00f3 d\u2019este immoble arriba en un any especialment simb\u00f2lic ja que el 2026 la Fundaci\u00f3 Caixa Benicarl\u00f3 celebra el seu 25\u00e9 aniversari, un quart de segle impulsant projectes culturals, socials i educatius al servei de tota la comarca.<\/p>\n\n\n\n<p>La Casa Belda ser\u00e0 objecte d\u2019una rehabilitaci\u00f3 acurada i respectuosa per a adequar-la als fins fundacionals. El president de Caixa Benicarl\u00f3 i de la Fundaci\u00f3, Vicent Par\u00eds, ha expressat la seua il\u00b7lusi\u00f3 per <em>\u201cconvertir aquest espai en un punt de trobada viu, din\u00e0mic i obert a tota la ciutadania\u201d<\/em>.<\/p>\n\n\n\n<p>Per la seua banda, el director general de l\u2019entitat banc\u00e0ria benicarlanda, Jos\u00e9 Manuel Gal\u00e1n ha ressaltat que <em>\u201camb este pas, Caixa Benicarl\u00f3 reafirma el seu profund vincle amb el territori. Perqu\u00e8 la millor manera de celebrar 25 anys de Fundaci\u00f3 \u00e9s continuar construint futur per a la comunitat\u201d.<\/em><\/p>\n\n\n\n<p>El Consell Rector assumeix este projecte amb orgull i sentit de responsabilitat, conscient del llegat que va comen\u00e7ar el 1958 amb la creaci\u00f3 de la cooperativa de cr\u00e8dit. <em>\u201cEste avan\u00e7 \u00e9s, sobretot, un reconeixement a la confian\u00e7a que els socis i clients han depositat en l\u2019entitat durant d\u00e8cades. Gr\u00e0cies a ells, projectes com aquest es fan realitat\u201d<\/em>, ha concl\u00f2s Gal\u00e1n.<\/p>\n\n\n\n<p><\/p>\n\n\n\n<figure class=\"wp-block-image\"><img\/><\/figure>\n","protected":false},"excerpt":{"rendered":"<p>El Consell Rector de Caixa Benicarl\u00f3, junt amb el Patronat de la Fundaci\u00f3 Caixa Benicarl\u00f3, va fer dilluns 23 de febrer un pas molt significatiu en la hist\u00f2ria de l\u2019entitat: l\u2019adquisici\u00f3 de la coneguda Casa Belda, un singular palauet situat al cor de la ciutat, al carrer Ferreres Bret\u00f3 n\u00fam. 42. L\u2019operaci\u00f3 va quedar formalitzada &hellip; <a href=\"https:\/\/caixabenicarlo.es\/blog\/?p=1377\" class=\"more-link\">Continuar leyendo<span class=\"screen-reader-text\"> \u00abCaixa Benicarl\u00f3 adquireix l\u2019emblem\u00e0tica Casa Belda per convertir-la en un nou espai cultural i associatiu per a tota la comarca\u00bb<\/span><\/a><\/p>\n","protected":false},"author":2,"featured_media":1378,"comment_status":"closed","ping_status":"open","sticky":false,"template":"","format":"standard","meta":[],"categories":[1],"tags":[],"_links":{"self":[{"href":"https:\/\/caixabenicarlo.es\/blog\/index.php?rest_route=\/wp\/v2\/posts\/1377"}],"collection":[{"href":"https:\/\/caixabenicarlo.es\/blog\/index.php?rest_route=\/wp\/v2\/posts"}],"about":[{"href":"https:\/\/caixabenicarlo.es\/blog\/index.php?rest_route=\/wp\/v2\/types\/post"}],"author":[{"embeddable":true,"href":"https:\/\/caixabenicarlo.es\/blog\/index.php?rest_route=\/wp\/v2\/users\/2"}],"replies":[{"embeddable":true,"href":"https:\/\/caixabenicarlo.es\/blog\/index.php?rest_route=%2Fwp%2Fv2%2Fcomments&post=1377"}],"version-history":[{"count":2,"href":"https:\/\/caixabenicarlo.es\/blog\/index.php?rest_route=\/wp\/v2\/posts\/1377\/revisions"}],"predecessor-version":[{"id":1381,"href":"https:\/\/caixabenicarlo.es\/blog\/index.php?rest_route=\/wp\/v2\/posts\/1377\/revisions\/1381"}],"wp:featuredmedia":[{"embeddable":true,"href":"https:\/\/caixabenicarlo.es\/blog\/index.php?rest_route=\/wp\/v2\/media\/1378"}],"wp:attachment":[{"href":"https:\/\/caixabenicarlo.es\/blog\/index.php?rest_route=%2Fwp%2Fv2%2Fmedia&parent=1377"}],"wp:term":[{"taxonomy":"category","embeddable":true,"href":"https:\/\/caixabenicarlo.es\/blog\/index.php?rest_route=%2Fwp%2Fv2%2Fcategories&post=1377"},{"taxonomy":"post_tag","embeddable":true,"href":"https:\/\/caixabenicarlo.es\/blog\/index.php?rest_route=%2Fwp%2Fv2%2Ftags&post=1377"}],"curies":[{"name":"wp","href":"https:\/\/api.w.org\/{rel}","templated":true}]}}