{"id":1404,"date":"2026-04-27T20:04:15","date_gmt":"2026-04-27T20:04:15","guid":{"rendered":"https:\/\/caixabenicarlo.es\/blog\/?p=1404"},"modified":"2026-04-27T20:04:15","modified_gmt":"2026-04-27T20:04:15","slug":"1404","status":"publish","type":"post","link":"https:\/\/caixabenicarlo.es\/blog\/?p=1404","title":{"rendered":""},"content":{"rendered":"\n<p>El tejido empresarial del Baix Maestrat ha dado un paso adelante con la creaci\u00f3n de Baix Maestrat Impulsa (BMI), una asociaci\u00f3n empresarial que surge con vocaci\u00f3n integradora y con el objetivo de impulsar una visi\u00f3n compartida de comarca que permita afrontar los retos econ\u00f3micos y sociales desde la cooperaci\u00f3n y la acci\u00f3n<br>conjunta.<br>BMI &#8211; Baix Maestrat Impulsa est\u00e1 conformado actualmente por las empresas: Grupo Gil Comes, Benimar Ocarsa, Grupo Azor, BDM Consultores, Grupo Industrial Alespri, Transfer Agencia de Empleo, Caixa Rural Vinar\u00f2s y Caixa Benicarl\u00f3.<\/p>\n\n\n\n<p><br>La iniciativa se presentar\u00e1 p\u00fablicamente en breve como un espacio abierto a empresas, asociaciones, centros formativos y otros agentes del territorio, con la voluntad de generar sinergias y construir una estrategia com\u00fan que refuerce la competitividad, el empleo y las oportunidades en el Baix Maestrat.<br>Uno de los pilares sobre los que se articula esta nueva asociaci\u00f3n es el informe \u201cLa comarca del Baix Maestrat: diagn\u00f3stico territorial y propuestas\u201d, impulsado por Alfredo Ro\u00e9, con el apoyo de las empresas promotoras, y elaborado por la Universitat Jaume I (UJI). El estudio ofrece una radiograf\u00eda detallada de la comarca, analizando<br>aspectos como la evoluci\u00f3n demogr\u00e1fica, el tejido productivo, las infraestructuras, el capital humano o la gobernanza territorial, y plantea l\u00edneas estrat\u00e9gicas para avanzar hacia un modelo de desarrollo m\u00e1s equilibrado y sostenible.<\/p>\n\n\n\n<p><br>Desde BMI &#8211; Baix Maestrat Impulsa se subraya que este trabajo no debe quedarse en un an\u00e1lisis te\u00f3rico, sino convertirse en una herramienta \u00fatil y operativa capaz de orientar decisiones y proyectos concretos. En este sentido, la asociaci\u00f3n defiende la necesidad de avanzar hacia una mayor coordinaci\u00f3n entre municipios y de impulsar iniciativas de alcance supramunicipal que complementen el trabajo que ya realizan los<br>ayuntamientos.<\/p>\n\n\n\n<p><br>El objetivo, explican sus promotores, no es se\u00f1alar carencias, sino aprovechar una oportunidad para alinear esfuerzos y activar din\u00e1micas de crecimiento que permitan mejorar la competitividad del territorio, generar empleo y atraer nuevas<br>oportunidades.<\/p>\n\n\n\n<p><br>Para ello, consideran prioritario avanzar en \u00e1mbitos como la disponibilidad de suelo industrial, la mejora de las infraestructuras y la conectividad, el impulso del talento y la formaci\u00f3n, as\u00ed como facilitar el acceso a la vivienda y a servicios que favorezcan la atracci\u00f3n y fijaci\u00f3n de poblaci\u00f3n. A ello se suma la necesidad de contar con instrumentos t\u00e9cnicos que permitan captar financiaci\u00f3n y ejecutar proyectos estrat\u00e9gicos, especialmente en el \u00e1mbito de los fondos europeos.<\/p>\n\n\n\n<p><br>La asociaci\u00f3n se da a conocer tambi\u00e9n tras el reciente encuentro mantenido entre BMI Baix Maestrat Impulsa, en representaci\u00f3n del tejido empresarial del Baix Maestrat, y la Diputaci\u00f3n de Castell\u00f3n, en el que se present\u00f3 el informe elaborado por la UJI y se constat\u00f3 la sinton\u00eda entre ambas partes para colaborar en el impulso de iniciativas que<br>contribuyan al desarrollo de la comarca. Esta l\u00ednea de colaboraci\u00f3n p\u00fablico-privada se considera clave para avanzar con mayor capacidad de ejecuci\u00f3n y asegurar que las propuestas puedan materializarse en actuaciones concretas.<\/p>\n\n\n\n<p><br>BMI &#8211; Baix Maestrat Impulsa nace, en definitiva, con la voluntad de convertirse en un espacio \u00fatil y representativo que contribuya a articular una estrategia compartida para el conjunto del territorio. La asociaci\u00f3n hace un llamamiento a las empresas y agentes sociales y econ\u00f3micos de la comarca para sumarse a esta iniciativa y participar activamente en la construcci\u00f3n de un proyecto com\u00fan de futuro.<\/p>\n","protected":false},"excerpt":{"rendered":"<p>El tejido empresarial del Baix Maestrat ha dado un paso adelante con la creaci\u00f3n de Baix Maestrat Impulsa (BMI), una asociaci\u00f3n empresarial que surge con vocaci\u00f3n integradora y con el objetivo de impulsar una visi\u00f3n compartida de comarca que permita afrontar los retos econ\u00f3micos y sociales desde la cooperaci\u00f3n y la acci\u00f3nconjunta.BMI &#8211; Baix Maestrat &hellip; <a href=\"https:\/\/caixabenicarlo.es\/blog\/?p=1404\" class=\"more-link\">Continuar leyendo<span class=\"screen-reader-text\"> \u00ab\u00bb<\/span><\/a><\/p>\n","protected":false},"author":2,"featured_media":1405,"comment_status":"closed","ping_status":"open","sticky":false,"template":"","format":"standard","meta":[],"categories":[1],"tags":[],"_links":{"self":[{"href":"https:\/\/caixabenicarlo.es\/blog\/index.php?rest_route=\/wp\/v2\/posts\/1404"}],"collection":[{"href":"https:\/\/caixabenicarlo.es\/blog\/index.php?rest_route=\/wp\/v2\/posts"}],"about":[{"href":"https:\/\/caixabenicarlo.es\/blog\/index.php?rest_route=\/wp\/v2\/types\/post"}],"author":[{"embeddable":true,"href":"https:\/\/caixabenicarlo.es\/blog\/index.php?rest_route=\/wp\/v2\/users\/2"}],"replies":[{"embeddable":true,"href":"https:\/\/caixabenicarlo.es\/blog\/index.php?rest_route=%2Fwp%2Fv2%2Fcomments&post=1404"}],"version-history":[{"count":2,"href":"https:\/\/caixabenicarlo.es\/blog\/index.php?rest_route=\/wp\/v2\/posts\/1404\/revisions"}],"predecessor-version":[{"id":1407,"href":"https:\/\/caixabenicarlo.es\/blog\/index.php?rest_route=\/wp\/v2\/posts\/1404\/revisions\/1407"}],"wp:featuredmedia":[{"embeddable":true,"href":"https:\/\/caixabenicarlo.es\/blog\/index.php?rest_route=\/wp\/v2\/media\/1405"}],"wp:attachment":[{"href":"https:\/\/caixabenicarlo.es\/blog\/index.php?rest_route=%2Fwp%2Fv2%2Fmedia&parent=1404"}],"wp:term":[{"taxonomy":"category","embeddable":true,"href":"https:\/\/caixabenicarlo.es\/blog\/index.php?rest_route=%2Fwp%2Fv2%2Fcategories&post=1404"},{"taxonomy":"post_tag","embeddable":true,"href":"https:\/\/caixabenicarlo.es\/blog\/index.php?rest_route=%2Fwp%2Fv2%2Ftags&post=1404"}],"curies":[{"name":"wp","href":"https:\/\/api.w.org\/{rel}","templated":true}]}}