{"id":265,"date":"2017-11-05T11:34:40","date_gmt":"2017-11-05T11:34:40","guid":{"rendered":"https:\/\/caixabenicarlo.es\/blog\/?p=265"},"modified":"2021-09-27T07:18:50","modified_gmt":"2021-09-27T07:18:50","slug":"265","status":"publish","type":"post","link":"https:\/\/caixabenicarlo.es\/blog\/?p=265","title":{"rendered":"CAIXA BENICARL\u00d3 COL\u00b7LABORA AMB ACTIBEN EN LA FORMACI\u00d3 DESTINADA A L\u2019ACTIVACI\u00d3 ECON\u00d2MICA"},"content":{"rendered":"<p>En el comprom\u00eds amb el desenvolupament dels nostre territori i el recolzament als diferents sectors productius, <a href=\"https:\/\/www.caixabenicarlo.es\/web\/index.php\/ca\/\">Caixa Benicarl\u00f3<\/a> seguix col\u00b7laborant amb el programa <a href=\"http:\/\/actiben.com\/ca\/\">Actiben<\/a> d\u2019emprenedoria i activaci\u00f3 econ\u00f2mica que promou l\u2019<a href=\"http:\/\/ajuntamentdebenicarlo.org\/\">Ajuntament de Benicarl\u00f3<\/a>. Actiben acaba de finalitzar un curs sobre consolidaci\u00f3 empresarial i es disposa a encetar esta setmana un nou taller sobre exportaci\u00f3. Les instal\u00b7lacions de Caixa Benicarl\u00f3 tornaran a ser l\u2019espai on es desenvolupar\u00e0 este nou curs.<\/p>\n<p>Divendres va finalitzar el Pla formatiu \u00abPlan de Consolidaci\u00f3n Empresarial\u00bb realitzat per la <a href=\"http:\/\/www.camaracastellon.com\/\">C\u00e1mara de Comercio de Castell\u00f3n<\/a>&nbsp;que va comen\u00e7ar el passat 12 de setembre amb l\u2019objectiu de que els assistents pogueren adquirir una visi\u00f3 global de la gesti\u00f3 empresarial, millorar la seua gesti\u00f3 i rendibilitat, aix\u00ed com potenciar la innovaci\u00f3 i modernitzaci\u00f3. Aix\u00ed, un total de 22 empreses i aut\u00f2noms han tingut l\u2019oportunitat de revisar els seus negocis, incorporant noves idees i consolidant les seues propostes.<\/p>\n<p><strong>Objectiu: exportar<\/strong><\/p>\n<p>A m\u00e9s a m\u00e9s, els dies 8, 14, 22 i 28 de novembre l\u2019aula de formaci\u00f3 de Caixa Benicarl\u00f3 acollir\u00e0 el taller \u201cComen\u00e7a a exportar\u201d, una proposta destinada als aut\u00f2noms i empreses que volen preparar-se a exportar els seus productes o serveis. Organitzat per l\u2019Ajuntament de Benicarl\u00f3, es du a terme gr\u00e0cies a la iniciativa de <a href=\"http:\/\/www.ivace.es\/index.php?lang=ca\">GVA IVACE<\/a>&nbsp;(Institut Valenci\u00e0 de Competitivitat Empresarial) i de la C\u00e0mera de Comer\u00e7 de Castell\u00f3 i \u00e9s totalment gratu\u00eft. Per a m\u00e9s informaci\u00f3 cal adre\u00e7ar-se a l\u2019e-mail <a href=\"mailto:programa@actiben.com\">programa@actiben.com<\/a><\/p>\n<p><img loading=\"lazy\" class=\"alignnone size-large wp-image-267\" src=\"https:\/\/caixabenicarlo.es\/blog\/wp-content\/uploads\/2017\/11\/talleres-comen\u00e7a-exportar-benicarlo-002-709x1024.jpg\" alt=\"\" width=\"709\" height=\"1024\" srcset=\"https:\/\/caixabenicarlo.es\/blog\/wp-content\/uploads\/2017\/11\/talleres-comen\u00e7a-exportar-benicarlo-002-709x1024.jpg 709w, https:\/\/caixabenicarlo.es\/blog\/wp-content\/uploads\/2017\/11\/talleres-comen\u00e7a-exportar-benicarlo-002-208x300.jpg 208w, https:\/\/caixabenicarlo.es\/blog\/wp-content\/uploads\/2017\/11\/talleres-comen\u00e7a-exportar-benicarlo-002.jpg 720w\" sizes=\"(max-width: 709px) 85vw, (max-width: 909px) 67vw, (max-width: 984px) 61vw, (max-width: 1362px) 45vw, 600px\" \/><\/p>\n","protected":false},"excerpt":{"rendered":"<p>En el comprom\u00eds amb el desenvolupament dels nostre territori i el recolzament als diferents sectors productius, Caixa Benicarl\u00f3 seguix col\u00b7laborant amb el programa Actiben d\u2019emprenedoria i activaci\u00f3 econ\u00f2mica que promou l\u2019Ajuntament de Benicarl\u00f3. Actiben acaba de finalitzar un curs sobre consolidaci\u00f3 empresarial i es disposa a encetar esta setmana un nou taller sobre exportaci\u00f3. Les &hellip; <a href=\"https:\/\/caixabenicarlo.es\/blog\/?p=265\" class=\"more-link\">Continuar leyendo<span class=\"screen-reader-text\"> \u00abCAIXA BENICARL\u00d3 COL\u00b7LABORA AMB ACTIBEN EN LA FORMACI\u00d3 DESTINADA A L\u2019ACTIVACI\u00d3 ECON\u00d2MICA\u00bb<\/span><\/a><\/p>\n","protected":false},"author":2,"featured_media":266,"comment_status":"closed","ping_status":"closed","sticky":false,"template":"","format":"standard","meta":[],"categories":[4,5,1],"tags":[50,51,52,49,53,44],"_links":{"self":[{"href":"https:\/\/caixabenicarlo.es\/blog\/index.php?rest_route=\/wp\/v2\/posts\/265"}],"collection":[{"href":"https:\/\/caixabenicarlo.es\/blog\/index.php?rest_route=\/wp\/v2\/posts"}],"about":[{"href":"https:\/\/caixabenicarlo.es\/blog\/index.php?rest_route=\/wp\/v2\/types\/post"}],"author":[{"embeddable":true,"href":"https:\/\/caixabenicarlo.es\/blog\/index.php?rest_route=\/wp\/v2\/users\/2"}],"replies":[{"embeddable":true,"href":"https:\/\/caixabenicarlo.es\/blog\/index.php?rest_route=%2Fwp%2Fv2%2Fcomments&post=265"}],"version-history":[{"count":4,"href":"https:\/\/caixabenicarlo.es\/blog\/index.php?rest_route=\/wp\/v2\/posts\/265\/revisions"}],"predecessor-version":[{"id":838,"href":"https:\/\/caixabenicarlo.es\/blog\/index.php?rest_route=\/wp\/v2\/posts\/265\/revisions\/838"}],"wp:featuredmedia":[{"embeddable":true,"href":"https:\/\/caixabenicarlo.es\/blog\/index.php?rest_route=\/wp\/v2\/media\/266"}],"wp:attachment":[{"href":"https:\/\/caixabenicarlo.es\/blog\/index.php?rest_route=%2Fwp%2Fv2%2Fmedia&parent=265"}],"wp:term":[{"taxonomy":"category","embeddable":true,"href":"https:\/\/caixabenicarlo.es\/blog\/index.php?rest_route=%2Fwp%2Fv2%2Fcategories&post=265"},{"taxonomy":"post_tag","embeddable":true,"href":"https:\/\/caixabenicarlo.es\/blog\/index.php?rest_route=%2Fwp%2Fv2%2Ftags&post=265"}],"curies":[{"name":"wp","href":"https:\/\/api.w.org\/{rel}","templated":true}]}}