{"id":282,"date":"2017-12-05T21:45:09","date_gmt":"2017-12-05T21:45:09","guid":{"rendered":"https:\/\/caixabenicarlo.es\/blog\/?p=282"},"modified":"2021-09-27T07:17:42","modified_gmt":"2021-09-27T07:17:42","slug":"caixa-benicarlo-convida-a-jugar-amb-el-seu-calendari-2018","status":"publish","type":"post","link":"https:\/\/caixabenicarlo.es\/blog\/?p=282","title":{"rendered":"Caixa Benicarl\u00f3 et convida a jugar amb el seu calendari 2018"},"content":{"rendered":"<p>Caixa Benicarl\u00f3 va presentar dilluns 4 de desembre el seu tradicional calendari. L\u2019edici\u00f3 de 2018 tindr\u00e0 com a t\u00edtol \u201cJocs tradicionals\u201d i comen\u00e7ar\u00e0 a entregar-se als socis, a partir del dilluns 11 de desembre. La presentaci\u00f3 va anar a c\u00e0rrec del president de l\u2019entitat financera, Vicent Par\u00eds, del seu director, Jos\u00e9 Manuel Gal\u00e1n i de Sergio Naranjo i Laura Ar\u00edn, membres de l\u2019Ag\u00e8ncia de Comunicaci\u00f3 Alter Partner, encarregada del disseny de l\u2019obra.<\/p>\n<p><img loading=\"lazy\" class=\"alignnone size-large wp-image-288\" src=\"https:\/\/caixabenicarlo.es\/blog\/wp-content\/uploads\/2017\/12\/20171204_110332-1024x576.jpg\" alt=\"\" width=\"840\" height=\"473\" srcset=\"https:\/\/caixabenicarlo.es\/blog\/wp-content\/uploads\/2017\/12\/20171204_110332-1024x576.jpg 1024w, https:\/\/caixabenicarlo.es\/blog\/wp-content\/uploads\/2017\/12\/20171204_110332-300x169.jpg 300w, https:\/\/caixabenicarlo.es\/blog\/wp-content\/uploads\/2017\/12\/20171204_110332-768x432.jpg 768w, https:\/\/caixabenicarlo.es\/blog\/wp-content\/uploads\/2017\/12\/20171204_110332-1200x675.jpg 1200w\" sizes=\"(max-width: 709px) 85vw, (max-width: 909px) 67vw, (max-width: 1362px) 62vw, 840px\" \/><\/p>\n<p>Sambori, el catxirulo, saltar la corda o el fanalet de mel\u00f3 de moro s\u00f3n nom\u00e9s alguns dels 12 jocs tradicionals que plasma este calendari, <em>\u201c12 jocs representatius de la infantesa que volem reivindicar per a qu\u00e8 no es perden en la mem\u00f2ria\u201d<\/em>, tal i com va destacar el director de l\u2019entitat, Jos\u00e9 Manuel Gal\u00e1n. &nbsp;Gal\u00e1n tamb\u00e9 va explicar que <em>\u201cla idea va partir de <\/em><em>la publicaci\u00f3 de Caixa Benicarl\u00f3 \u201cJocs Tradicionals a Benicarl\u00f3\u201d on, el autors \u00c0lvar Any\u00f2, Joan Gregori, Paco del Castillo i Tonyo Fibla, van arreplegar un grapat de jocs dels quals hem triat 12 per il\u00b7lustrar el calendari 2018. Com a fruit tenim un calendari que \u00e9s genu\u00efnament nostre! Tots ens veiem identificats en les diferents l\u00e0mines\u201d.<\/em><\/p>\n<p>El dissenyador d\u2019Alter Partner, Sergio Naranjo, va exposar que enguany s\u2019ha utilitzat la t\u00e8cnica del collage i un dibuix a m\u00e0 al\u00e7ada que atorga una sensaci\u00f3 m\u00e9s elevada de llibertat. En este sentit, Naranjo va contar que <em>\u201cs\u2019ha volgut fer un lligam entre les caracter\u00edstiques dels diversos jocs i la seua connexi\u00f3 amb els valors de Caixa Benicarl\u00f3. Eixos jocs tenen com a nexe com\u00fa que, en molts casos es juguen a l\u2019aire lliure, al calor del sol, amb amics i fam\u00edlia i envoltats de vida. S\u00f3n jocs fets a m\u00e0. Jugar implica llibertat, creativitat, espontane\u00eftat\u201d.<\/em> El calendari 2018 convida a jugar amb un disseny personalitzat que integra les dates amb la il\u00b7lustraci\u00f3 i \u201cvisualment, els mesos van baixant fulla rere fulla, simbolitzant el pas del temps, com si represent\u00e9s un rellotge d\u2019arena\u201d, segons va detallar el dissenyador. A m\u00e9s, entre les seues il\u00b7lustracions tamb\u00e9 es descobreixen llocs que tenen molt a veure amb les poblacions on Caixa Benicarl\u00f3 est\u00e0 implantada.<\/p>\n<p><img loading=\"lazy\" class=\"alignnone size-large wp-image-287\" src=\"https:\/\/caixabenicarlo.es\/blog\/wp-content\/uploads\/2017\/12\/20171204_112653-1024x576.jpg\" alt=\"\" width=\"840\" height=\"473\" srcset=\"https:\/\/caixabenicarlo.es\/blog\/wp-content\/uploads\/2017\/12\/20171204_112653-1024x576.jpg 1024w, https:\/\/caixabenicarlo.es\/blog\/wp-content\/uploads\/2017\/12\/20171204_112653-300x169.jpg 300w, https:\/\/caixabenicarlo.es\/blog\/wp-content\/uploads\/2017\/12\/20171204_112653-768x432.jpg 768w, https:\/\/caixabenicarlo.es\/blog\/wp-content\/uploads\/2017\/12\/20171204_112653-1200x675.jpg 1200w\" sizes=\"(max-width: 709px) 85vw, (max-width: 909px) 67vw, (max-width: 1362px) 62vw, 840px\" \/><\/p>\n<p><strong>Fer volar el catxirulo<\/strong><\/p>\n<p>Com que el mes de mar\u00e7 t\u00e9 el catxirulo com a protagonista, Caixa Benicarl\u00f3 convidar\u00e0 a \u201cjugar\u201d a trav\u00e9s d\u2019una campanya d\u2019estalvi infantil que s\u2019ha programat entre el mar\u00e7 i l\u2019abril i en la qual <em>\u201cals xiquets que facen un ingr\u00e9s en compte, els regalarem un kit per a qu\u00e8 puguen muntar un catxirulo amb fam\u00edlia, i recordar aix\u00ed quan arribava la Pasqua i f\u00e8iem volar el catxirulo\u201d, <\/em>ha assenyalat Jos\u00e9 Manuel Gal\u00e1n.<\/p>\n<p><img loading=\"lazy\" class=\"alignnone size-large wp-image-286\" src=\"https:\/\/caixabenicarlo.es\/blog\/wp-content\/uploads\/2017\/12\/20171204_111807-1024x576.jpg\" alt=\"\" width=\"840\" height=\"473\" srcset=\"https:\/\/caixabenicarlo.es\/blog\/wp-content\/uploads\/2017\/12\/20171204_111807-1024x576.jpg 1024w, https:\/\/caixabenicarlo.es\/blog\/wp-content\/uploads\/2017\/12\/20171204_111807-300x169.jpg 300w, https:\/\/caixabenicarlo.es\/blog\/wp-content\/uploads\/2017\/12\/20171204_111807-768x432.jpg 768w, https:\/\/caixabenicarlo.es\/blog\/wp-content\/uploads\/2017\/12\/20171204_111807-1200x675.jpg 1200w\" sizes=\"(max-width: 709px) 85vw, (max-width: 909px) 67vw, (max-width: 1362px) 62vw, 840px\" \/><\/p>\n","protected":false},"excerpt":{"rendered":"<p>Caixa Benicarl\u00f3 va presentar dilluns 4 de desembre el seu tradicional calendari. L\u2019edici\u00f3 de 2018 tindr\u00e0 com a t\u00edtol \u201cJocs tradicionals\u201d i comen\u00e7ar\u00e0 a entregar-se als socis, a partir del dilluns 11 de desembre. La presentaci\u00f3 va anar a c\u00e0rrec del president de l\u2019entitat financera, Vicent Par\u00eds, del seu director, Jos\u00e9 Manuel Gal\u00e1n i de &hellip; <a href=\"https:\/\/caixabenicarlo.es\/blog\/?p=282\" class=\"more-link\">Continuar leyendo<span class=\"screen-reader-text\"> \u00abCaixa Benicarl\u00f3 et convida a jugar amb el seu calendari 2018\u00bb<\/span><\/a><\/p>\n","protected":false},"author":2,"featured_media":285,"comment_status":"closed","ping_status":"closed","sticky":false,"template":"","format":"standard","meta":[],"categories":[1],"tags":[],"_links":{"self":[{"href":"https:\/\/caixabenicarlo.es\/blog\/index.php?rest_route=\/wp\/v2\/posts\/282"}],"collection":[{"href":"https:\/\/caixabenicarlo.es\/blog\/index.php?rest_route=\/wp\/v2\/posts"}],"about":[{"href":"https:\/\/caixabenicarlo.es\/blog\/index.php?rest_route=\/wp\/v2\/types\/post"}],"author":[{"embeddable":true,"href":"https:\/\/caixabenicarlo.es\/blog\/index.php?rest_route=\/wp\/v2\/users\/2"}],"replies":[{"embeddable":true,"href":"https:\/\/caixabenicarlo.es\/blog\/index.php?rest_route=%2Fwp%2Fv2%2Fcomments&post=282"}],"version-history":[{"count":5,"href":"https:\/\/caixabenicarlo.es\/blog\/index.php?rest_route=\/wp\/v2\/posts\/282\/revisions"}],"predecessor-version":[{"id":835,"href":"https:\/\/caixabenicarlo.es\/blog\/index.php?rest_route=\/wp\/v2\/posts\/282\/revisions\/835"}],"wp:featuredmedia":[{"embeddable":true,"href":"https:\/\/caixabenicarlo.es\/blog\/index.php?rest_route=\/wp\/v2\/media\/285"}],"wp:attachment":[{"href":"https:\/\/caixabenicarlo.es\/blog\/index.php?rest_route=%2Fwp%2Fv2%2Fmedia&parent=282"}],"wp:term":[{"taxonomy":"category","embeddable":true,"href":"https:\/\/caixabenicarlo.es\/blog\/index.php?rest_route=%2Fwp%2Fv2%2Fcategories&post=282"},{"taxonomy":"post_tag","embeddable":true,"href":"https:\/\/caixabenicarlo.es\/blog\/index.php?rest_route=%2Fwp%2Fv2%2Ftags&post=282"}],"curies":[{"name":"wp","href":"https:\/\/api.w.org\/{rel}","templated":true}]}}