{"id":292,"date":"2018-02-20T22:26:17","date_gmt":"2018-02-20T22:26:17","guid":{"rendered":"https:\/\/caixabenicarlo.es\/blog\/?p=292"},"modified":"2021-09-27T07:17:07","modified_gmt":"2021-09-27T07:17:07","slug":"viatge-de-convivencia-cooperativa-a-la-corporacio-alimentaria-guissona","status":"publish","type":"post","link":"https:\/\/caixabenicarlo.es\/blog\/?p=292","title":{"rendered":"Viatge de conviv\u00e8ncia cooperativa a la corporaci\u00f3 aliment\u00e0ria de Guissona"},"content":{"rendered":"<p>El Consell Rector de Caixa Benicarl\u00f3 i de <a href=\"http:\/\/benihort.com\/\">Benihort<\/a> ha visitat les instal\u00b7lacions del <a href=\"http:\/\/www.cag.es\/\">Grup Alimentari Guissona<\/a> en un viatge de conviv\u00e8ncia cooperativa per terres lleidatanes que va tindre lloc el passat cap de setmana del 9, 10 i 11 de febrer.<\/p>\n<p>Un total de 30 persones, representants de Caixa Benicarl\u00f3 i de la cooperativa Benihort van ser rebuts pel director general de <a href=\"https:\/\/www.caixaguissona.com\/\">Caixa Guissona<\/a>, Daniel Marsol, el president de Caixa Guissona i de la <a href=\"http:\/\/www.cag.es\/\">Corporaci\u00f3 Aliment\u00e0ria<\/a>, Juan Domingo Majoral, i pel vicepresident i fundador de la Corporaci\u00f3, Jaume Alsina.<\/p>\n<p>El president de Caixa Benicarl\u00f3 i Benihort, Vicent Par\u00eds For\u00e9s, ha valorat la visita: <em>\u201cagra\u00efm l\u2019espectacular acollida que ens han brindat. Sense dubte, la Corporaci\u00f3 Aliment\u00e0ria Guissona \u00e9s tot un referent en el sector agroalimentari, <\/em><em>que desenvolupe totes les&nbsp;<\/em>activitats ramaderes, industrials i comercials&nbsp;<em>necess\u00e0ries per arribar al consumidor sense intermediaris.<\/em> <em>Esta visita ens ha obert, a m\u00e9s, la possibilitat d\u2019establir futurs vincles comercials<\/em>\u201d.<\/p>\n<p>L\u2019expedici\u00f3 benicarlanda va aprofitar tamb\u00e9 per con\u00e8ixer altres punts d\u2019inter\u00e8s de la provincia lleidatana com les <a href=\"http:\/\/www.cardona.cat\/ajuntament\/turisme\/parc-cultural-de-muntanya-de-sal\">mines de Sal de Cardona<\/a>, el seu Castell o la propia capital, Lleida.<\/p>\n<p><img loading=\"lazy\" class=\"alignnone size-large wp-image-294\" src=\"https:\/\/caixabenicarlo.es\/blog\/wp-content\/uploads\/2018\/02\/IGLESIA-1024x500.jpg\" alt=\"\" width=\"840\" height=\"410\" srcset=\"https:\/\/caixabenicarlo.es\/blog\/wp-content\/uploads\/2018\/02\/IGLESIA-1024x500.jpg 1024w, https:\/\/caixabenicarlo.es\/blog\/wp-content\/uploads\/2018\/02\/IGLESIA-300x146.jpg 300w, https:\/\/caixabenicarlo.es\/blog\/wp-content\/uploads\/2018\/02\/IGLESIA-768x375.jpg 768w, https:\/\/caixabenicarlo.es\/blog\/wp-content\/uploads\/2018\/02\/IGLESIA-1200x585.jpg 1200w\" sizes=\"(max-width: 709px) 85vw, (max-width: 909px) 67vw, (max-width: 1362px) 62vw, 840px\" \/><\/p>\n<p>&nbsp;<\/p>\n","protected":false},"excerpt":{"rendered":"<p>El Consell Rector de Caixa Benicarl\u00f3 i de Benihort ha visitat les instal\u00b7lacions del Grup Alimentari Guissona en un viatge de conviv\u00e8ncia cooperativa per terres lleidatanes que va tindre lloc el passat cap de setmana del 9, 10 i 11 de febrer. Un total de 30 persones, representants de Caixa Benicarl\u00f3 i de la cooperativa &hellip; <a href=\"https:\/\/caixabenicarlo.es\/blog\/?p=292\" class=\"more-link\">Continuar leyendo<span class=\"screen-reader-text\"> \u00abViatge de conviv\u00e8ncia cooperativa a la corporaci\u00f3 aliment\u00e0ria de Guissona\u00bb<\/span><\/a><\/p>\n","protected":false},"author":2,"featured_media":293,"comment_status":"closed","ping_status":"closed","sticky":false,"template":"","format":"standard","meta":[],"categories":[4,1],"tags":[54],"_links":{"self":[{"href":"https:\/\/caixabenicarlo.es\/blog\/index.php?rest_route=\/wp\/v2\/posts\/292"}],"collection":[{"href":"https:\/\/caixabenicarlo.es\/blog\/index.php?rest_route=\/wp\/v2\/posts"}],"about":[{"href":"https:\/\/caixabenicarlo.es\/blog\/index.php?rest_route=\/wp\/v2\/types\/post"}],"author":[{"embeddable":true,"href":"https:\/\/caixabenicarlo.es\/blog\/index.php?rest_route=\/wp\/v2\/users\/2"}],"replies":[{"embeddable":true,"href":"https:\/\/caixabenicarlo.es\/blog\/index.php?rest_route=%2Fwp%2Fv2%2Fcomments&post=292"}],"version-history":[{"count":3,"href":"https:\/\/caixabenicarlo.es\/blog\/index.php?rest_route=\/wp\/v2\/posts\/292\/revisions"}],"predecessor-version":[{"id":834,"href":"https:\/\/caixabenicarlo.es\/blog\/index.php?rest_route=\/wp\/v2\/posts\/292\/revisions\/834"}],"wp:featuredmedia":[{"embeddable":true,"href":"https:\/\/caixabenicarlo.es\/blog\/index.php?rest_route=\/wp\/v2\/media\/293"}],"wp:attachment":[{"href":"https:\/\/caixabenicarlo.es\/blog\/index.php?rest_route=%2Fwp%2Fv2%2Fmedia&parent=292"}],"wp:term":[{"taxonomy":"category","embeddable":true,"href":"https:\/\/caixabenicarlo.es\/blog\/index.php?rest_route=%2Fwp%2Fv2%2Fcategories&post=292"},{"taxonomy":"post_tag","embeddable":true,"href":"https:\/\/caixabenicarlo.es\/blog\/index.php?rest_route=%2Fwp%2Fv2%2Ftags&post=292"}],"curies":[{"name":"wp","href":"https:\/\/api.w.org\/{rel}","templated":true}]}}