{"id":298,"date":"2018-03-11T22:44:22","date_gmt":"2018-03-11T22:44:22","guid":{"rendered":"https:\/\/caixabenicarlo.es\/blog\/?p=298"},"modified":"2021-09-27T07:16:52","modified_gmt":"2021-09-27T07:16:52","slug":"la-fundacio-caixa-benicarlo-amplia-el-seu-fons-documental","status":"publish","type":"post","link":"https:\/\/caixabenicarlo.es\/blog\/?p=298","title":{"rendered":"La Fundaci\u00f3 Caixa Benicarl\u00f3 amplia el seu fons documental"},"content":{"rendered":"<p>La Fundaci\u00f3 Caixa Benicarl\u00f3 va presentar divendres 9 de mar\u00e7 el nou material del seu fons documental. Mitjan\u00e7ant un conveni amb la Universitat Jaume I, el treball inclou la catalogaci\u00f3 de fotografies del fons fotogr\u00e0fic \u201cPepe Palanques\u201d i la digitalitzaci\u00f3 dels programes de Festes Patronals de Benicarl\u00f3 des de l\u2019any 1928 al 2016, cedits per la fam\u00edlia Any\u00f3 Ant\u00f3n.<\/p>\n<p><em>\u201cL\u2019objetiu inicial d\u2019este projecte, <\/em><em>coordinat per la Biblioteca de la Universitat Jaume I i la Fundaci\u00f3 Caixa Benicarl\u00f3 i realitzat pel documentalista Antoni Marzal,&nbsp; mitjan\u00e7ant una beca de formaci\u00f3 pr\u00e0ctica per a titulats universitaris, t\u00e9 com a objectiu preservar i difondre el fons documental i fotogr\u00e0fic de la Fundaci\u00f3 Caixa Benicarl\u00f3<\/em>\u201d, segons va explicar el secretari de la Fundaci\u00f3 Caixa Benicarl\u00f3, \u00c0ngel Gallego.<\/p>\n<p>\u00c0lvar Any\u00f3 Ant\u00f3n, representant la Fam\u00edlia Any\u00f3, qui ha cedit la col\u00b7lecci\u00f3 de programes de festes, va agrair a Caixa Benicarl\u00f3 <em>\u201cque treballe per conservar el patrimoni benicarlando\u201d<\/em> i va manifestar el seu desig <em>\u201cper a qu\u00e8 este material puga utilitzar-se a nivell educatiu per con\u00e8ixer la hist\u00f2ria del nostre poble\u201d.<\/em><\/p>\n<p>Per la seua banda, la directora de l\u2019Arxiu de General I Biblioteca UJI, Lid\u00f3n Par\u00eds Folch, va recordar que <em>\u201cla finalitat d\u2019aquest projecte \u00e9s posar en valor, mitjan\u00e7ant la digitalitzaci\u00f3 i catalogaci\u00f3, una documentaci\u00f3 amb gran valor hist\u00f2ric i cultural, tant per a la investigaci\u00f3 com per a la ciutadania en general, i la gent de Benicarl\u00f3, en particular\u201d.<\/em><\/p>\n<p>El becat per la Fundaci\u00f3 Caixa Benicarl\u00f3, Antoni Marzal, va concretar el treball en xifres d\u2019estos 4 mesos: <em>\u201cen total, s\u2019han creat 5225&nbsp; fitxers d\u2019imatge&nbsp; dels quals 3213 p\u00e0gines corresponen a programes de festes i 2013 corresponen a fotografies en paper publicades en Benicarl\u00f3 al D\u00eda <\/em>de 1988 a 1995<em>. Actualment es poden consultar en l\u00ednia 2007 fotografies i 103 programes de festes, datats entre 1928 i 2016\u201d.<\/em><\/p>\n<p>El fons documental de la Fundaci\u00f3 Caixa Benicarl\u00f3 es pot consultar al repositori de la UJI, al que s\u2019accedeix a trav\u00e9s d\u2019un enlla\u00e7 de la p\u00e0gina web de l\u2019entitat banc\u00e0ria <a href=\"https:\/\/www.caixabenicarlo.es\/web\/index.php\/ca\/\">www.caixabenicarlo.es&nbsp;(Obra social-Fons fotogr\u00e0fic Jos\u00e9 Palanques).<\/a><\/p>\n<p><img loading=\"lazy\" class=\"alignnone size-large wp-image-301\" src=\"https:\/\/caixabenicarlo.es\/blog\/wp-content\/uploads\/2018\/03\/Caixa-Benicarl\u00f3-Fons-documental-4-1024x576.jpg\" alt=\"\" width=\"840\" height=\"473\" srcset=\"https:\/\/caixabenicarlo.es\/blog\/wp-content\/uploads\/2018\/03\/Caixa-Benicarl\u00f3-Fons-documental-4-1024x576.jpg 1024w, https:\/\/caixabenicarlo.es\/blog\/wp-content\/uploads\/2018\/03\/Caixa-Benicarl\u00f3-Fons-documental-4-300x169.jpg 300w, https:\/\/caixabenicarlo.es\/blog\/wp-content\/uploads\/2018\/03\/Caixa-Benicarl\u00f3-Fons-documental-4-768x432.jpg 768w, https:\/\/caixabenicarlo.es\/blog\/wp-content\/uploads\/2018\/03\/Caixa-Benicarl\u00f3-Fons-documental-4-1200x675.jpg 1200w\" sizes=\"(max-width: 709px) 85vw, (max-width: 909px) 67vw, (max-width: 1362px) 62vw, 840px\" \/><\/p>\n<p><img loading=\"lazy\" class=\"alignnone wp-image-302\" src=\"https:\/\/caixabenicarlo.es\/blog\/wp-content\/uploads\/2018\/03\/Caixa-Benicarl\u00f3-Fons-documental-3.jpg\" alt=\"\" width=\"591\" height=\"333\" srcset=\"https:\/\/caixabenicarlo.es\/blog\/wp-content\/uploads\/2018\/03\/Caixa-Benicarl\u00f3-Fons-documental-3.jpg 380w, https:\/\/caixabenicarlo.es\/blog\/wp-content\/uploads\/2018\/03\/Caixa-Benicarl\u00f3-Fons-documental-3-300x169.jpg 300w\" sizes=\"(max-width: 591px) 85vw, 591px\" \/><\/p>\n<p><img loading=\"lazy\" class=\"alignnone size-large wp-image-309\" src=\"https:\/\/caixabenicarlo.es\/blog\/wp-content\/uploads\/2018\/03\/Caixa-Benicarl\u00f3-Fons-documental-5-1024x576.jpg\" alt=\"\" width=\"840\" height=\"473\" srcset=\"https:\/\/caixabenicarlo.es\/blog\/wp-content\/uploads\/2018\/03\/Caixa-Benicarl\u00f3-Fons-documental-5-1024x576.jpg 1024w, https:\/\/caixabenicarlo.es\/blog\/wp-content\/uploads\/2018\/03\/Caixa-Benicarl\u00f3-Fons-documental-5-300x169.jpg 300w, https:\/\/caixabenicarlo.es\/blog\/wp-content\/uploads\/2018\/03\/Caixa-Benicarl\u00f3-Fons-documental-5-768x432.jpg 768w, https:\/\/caixabenicarlo.es\/blog\/wp-content\/uploads\/2018\/03\/Caixa-Benicarl\u00f3-Fons-documental-5-1200x675.jpg 1200w\" sizes=\"(max-width: 709px) 85vw, (max-width: 909px) 67vw, (max-width: 1362px) 62vw, 840px\" \/><\/p>\n<p><img loading=\"lazy\" class=\"alignnone wp-image-303\" src=\"https:\/\/caixabenicarlo.es\/blog\/wp-content\/uploads\/2018\/03\/Caixa-Benicarl\u00f3-Fons-documental-1.jpg\" alt=\"\" width=\"585\" height=\"329\" srcset=\"https:\/\/caixabenicarlo.es\/blog\/wp-content\/uploads\/2018\/03\/Caixa-Benicarl\u00f3-Fons-documental-1.jpg 398w, https:\/\/caixabenicarlo.es\/blog\/wp-content\/uploads\/2018\/03\/Caixa-Benicarl\u00f3-Fons-documental-1-300x169.jpg 300w\" sizes=\"(max-width: 585px) 85vw, 585px\" \/><\/p>\n","protected":false},"excerpt":{"rendered":"<p>La Fundaci\u00f3 Caixa Benicarl\u00f3 va presentar divendres 9 de mar\u00e7 el nou material del seu fons documental. Mitjan\u00e7ant un conveni amb la Universitat Jaume I, el treball inclou la catalogaci\u00f3 de fotografies del fons fotogr\u00e0fic \u201cPepe Palanques\u201d i la digitalitzaci\u00f3 dels programes de Festes Patronals de Benicarl\u00f3 des de l\u2019any 1928 al 2016, cedits per &hellip; <a href=\"https:\/\/caixabenicarlo.es\/blog\/?p=298\" class=\"more-link\">Continuar leyendo<span class=\"screen-reader-text\"> \u00abLa Fundaci\u00f3 Caixa Benicarl\u00f3 amplia el seu fons documental\u00bb<\/span><\/a><\/p>\n","protected":false},"author":2,"featured_media":299,"comment_status":"closed","ping_status":"closed","sticky":false,"template":"","format":"standard","meta":[],"categories":[4,1],"tags":[55],"_links":{"self":[{"href":"https:\/\/caixabenicarlo.es\/blog\/index.php?rest_route=\/wp\/v2\/posts\/298"}],"collection":[{"href":"https:\/\/caixabenicarlo.es\/blog\/index.php?rest_route=\/wp\/v2\/posts"}],"about":[{"href":"https:\/\/caixabenicarlo.es\/blog\/index.php?rest_route=\/wp\/v2\/types\/post"}],"author":[{"embeddable":true,"href":"https:\/\/caixabenicarlo.es\/blog\/index.php?rest_route=\/wp\/v2\/users\/2"}],"replies":[{"embeddable":true,"href":"https:\/\/caixabenicarlo.es\/blog\/index.php?rest_route=%2Fwp%2Fv2%2Fcomments&post=298"}],"version-history":[{"count":8,"href":"https:\/\/caixabenicarlo.es\/blog\/index.php?rest_route=\/wp\/v2\/posts\/298\/revisions"}],"predecessor-version":[{"id":833,"href":"https:\/\/caixabenicarlo.es\/blog\/index.php?rest_route=\/wp\/v2\/posts\/298\/revisions\/833"}],"wp:featuredmedia":[{"embeddable":true,"href":"https:\/\/caixabenicarlo.es\/blog\/index.php?rest_route=\/wp\/v2\/media\/299"}],"wp:attachment":[{"href":"https:\/\/caixabenicarlo.es\/blog\/index.php?rest_route=%2Fwp%2Fv2%2Fmedia&parent=298"}],"wp:term":[{"taxonomy":"category","embeddable":true,"href":"https:\/\/caixabenicarlo.es\/blog\/index.php?rest_route=%2Fwp%2Fv2%2Fcategories&post=298"},{"taxonomy":"post_tag","embeddable":true,"href":"https:\/\/caixabenicarlo.es\/blog\/index.php?rest_route=%2Fwp%2Fv2%2Ftags&post=298"}],"curies":[{"name":"wp","href":"https:\/\/api.w.org\/{rel}","templated":true}]}}