{"id":364,"date":"2018-09-01T16:53:24","date_gmt":"2018-09-01T16:53:24","guid":{"rendered":"https:\/\/caixabenicarlo.es\/blog\/?p=364"},"modified":"2021-09-27T07:15:12","modified_gmt":"2021-09-27T07:15:12","slug":"caixa-benicarlo-premia-amb-12-000e-lexcel%c2%b7lencia-academica","status":"publish","type":"post","link":"https:\/\/caixabenicarlo.es\/blog\/?p=364","title":{"rendered":"Caixa Benicarl\u00f3 premia amb 12.000\u20ac  l\u2019Excel\u00b7l\u00e8ncia Acad\u00e8mica"},"content":{"rendered":"<p>Caixa Benicarl\u00f3 ha guardonat 12 estudiants amb la XXII ena edici\u00f3 de les Beques a l\u2019Excel\u00b7l\u00e8ncia Acad\u00e8mica. Els guardonats rebran una beca individual de 1.000\u20ac que destinaran al estudis universitaris i superiors que comencen en el curs 2018-2019. Els 12.000\u20ac que la <a href=\"https:\/\/www.caixabenicarlo.es\/web\/index.php\/ca\/obra-social2\/fundacio-caixa-benicarlo\">Fundaci\u00f3 Caixa Benicarl\u00f3 <\/a>atorga, reconeixen el seu m\u00e8rit i esfor\u00e7 per les notes obtingudes en les proves d\u2019acc\u00e9s a la Universitat, s\u00f3n fills de socis de l\u2019entitat i pertanyen a instituts de Benicarl\u00f3 i Pen\u00edscola.<\/p>\n<p>El lliurament de les beques tenia lloc dissabte 1 de setembre al mat\u00ed al sal\u00f3 d\u2019actes de Caixa Benicarl\u00f3. L\u2019acte comptava amb la pres\u00e8ncia del primer tinent d\u2019alcalde, Domingo Roca, el regidor d\u2019Educaci\u00f3, Ximo Bueno, el president de Caixa Benicarl\u00f3, Vicent Par\u00eds i el director de l\u2019entitat financera, Jos\u00e9 Manuel Gal\u00e1n. Per part dels instituts d\u2019on procedeixen els alumnes guardonats s\u2019ha comptat amb la directora de l\u2019<a href=\"http:\/\/mestreacasa.gva.es\/web\/iesramoncid\">IES Ram\u00f3n Cid<\/a>, Maite For\u00e9s, el director del <a href=\"http:\/\/benicarlo.lasalle.es\/\">Col\u00b7legi La Salle<\/a>, Fernando Febrer, la representant de l\u2019<a href=\"https:\/\/www.iesjoancoromines.net\/intraiesjc\/\">IES Joan Coromines<\/a>, Carme Alonso, i la secret\u00e0ria de l\u2019<a href=\"http:\/\/mestreacasa.gva.es\/web\/alfredayza\/\">IES Alfred Ayza<\/a>, M\u00aa Teresa Moros.<\/p>\n<p><img loading=\"lazy\" class=\"alignnone size-large wp-image-367\" src=\"https:\/\/caixabenicarlo.es\/blog\/wp-content\/uploads\/2018\/09\/20180901_122648-1024x768.jpg\" alt=\"\" width=\"840\" height=\"630\" srcset=\"https:\/\/caixabenicarlo.es\/blog\/wp-content\/uploads\/2018\/09\/20180901_122648-1024x768.jpg 1024w, https:\/\/caixabenicarlo.es\/blog\/wp-content\/uploads\/2018\/09\/20180901_122648-300x225.jpg 300w, https:\/\/caixabenicarlo.es\/blog\/wp-content\/uploads\/2018\/09\/20180901_122648-768x576.jpg 768w, https:\/\/caixabenicarlo.es\/blog\/wp-content\/uploads\/2018\/09\/20180901_122648-1200x900.jpg 1200w\" sizes=\"(max-width: 709px) 85vw, (max-width: 909px) 67vw, (max-width: 1362px) 62vw, 840px\" \/><\/p>\n<p>Les Beques a l\u2019Excel\u00b7l\u00e8ncia Acad\u00e8mica de Caixa Benicarl\u00f3 afavorixen els fills dels socis de l\u2019entitat banc\u00e0ria que compleixen determinats vincles comercials, a la vista de les avaluacions obtingudes en les proves d\u2019acc\u00e9s a la Universitat. Els alumnes becats en esta edici\u00f3 s\u00f3n els seg\u00fcents: Diego Calduch Forner (IES Ram\u00f3n Cid), Marc Cubells Cort\u00e9s (IES Afred Ayza), Mireia Garc\u00eda Pay\u00e1 (IES Ram\u00f3n Cid), Bruno David Gregori Ferr\u00e9 (IES Ram\u00f3n Cid), Nuria Herrera Mar\u00edn (IES Ram\u00f3n Cid), M\u00f3nica Lores Urquizu (IES Joan Cormines), Fernando Mialdea Branchat (La Salle), Alba Moya Bautista (La Salle), Jaime Pauner Borr\u00e1s (IES Ram\u00f3n Cid), Alba Ponce L\u00f3pez (IES Ram\u00f3n Cid), Marc Segarra Ballester (La Salle), Joan Serrano Roig (IES Ram\u00f3n Cid).<\/p>\n<p>El director de Caixa Benicarl\u00f3 , Jos\u00e9 Manuel Gal\u00e1n, ha destacat: <em>\u201cla <\/em><em>Fundaci\u00f3 Caixa Benicarl\u00f3 aplega a la XXII edici\u00f3 d\u2019estes beques amb un nombre total de 166 becats que han rebut 159.742,56\u20ac. Les Beques d\u2019Excel\u00b7l\u00e8ncia s\u00f3n la nostra clara aposta per invertir en la formaci\u00f3 del capital hum\u00e0. Per aix\u00f2, reconeixem l\u2019excel\u00b7l\u00e8ncia acad\u00e8mica com a un premi al rigor\u00f3s treball i esfor\u00e7 intel\u00b7lectual d\u2019estos 12 alumnes dels instituts de Benicarl\u00f3 i Pen\u00edscola\u201d.<\/em><\/p>\n<p>Finalment, Caixa Benicarl\u00f3 informa que les bases de la nova edici\u00f3 de les Beques d\u2019Excel\u00b7l\u00e8ncia 2018-2019 es poden consultar al web de l\u2019entitat www.caixabenicarlo.es<\/p>\n<p><img loading=\"lazy\" class=\"alignnone size-large wp-image-368\" src=\"https:\/\/caixabenicarlo.es\/blog\/wp-content\/uploads\/2018\/09\/20180901_120508-1024x768.jpg\" alt=\"\" width=\"840\" height=\"630\" srcset=\"https:\/\/caixabenicarlo.es\/blog\/wp-content\/uploads\/2018\/09\/20180901_120508-1024x768.jpg 1024w, https:\/\/caixabenicarlo.es\/blog\/wp-content\/uploads\/2018\/09\/20180901_120508-300x225.jpg 300w, https:\/\/caixabenicarlo.es\/blog\/wp-content\/uploads\/2018\/09\/20180901_120508-768x576.jpg 768w, https:\/\/caixabenicarlo.es\/blog\/wp-content\/uploads\/2018\/09\/20180901_120508-1200x900.jpg 1200w\" sizes=\"(max-width: 709px) 85vw, (max-width: 909px) 67vw, (max-width: 1362px) 62vw, 840px\" \/> <img loading=\"lazy\" class=\"alignnone size-large wp-image-369\" src=\"https:\/\/caixabenicarlo.es\/blog\/wp-content\/uploads\/2018\/09\/20180901_122525-1024x768.jpg\" alt=\"\" width=\"840\" height=\"630\" srcset=\"https:\/\/caixabenicarlo.es\/blog\/wp-content\/uploads\/2018\/09\/20180901_122525-1024x768.jpg 1024w, https:\/\/caixabenicarlo.es\/blog\/wp-content\/uploads\/2018\/09\/20180901_122525-300x225.jpg 300w, https:\/\/caixabenicarlo.es\/blog\/wp-content\/uploads\/2018\/09\/20180901_122525-768x576.jpg 768w, https:\/\/caixabenicarlo.es\/blog\/wp-content\/uploads\/2018\/09\/20180901_122525-1200x900.jpg 1200w\" sizes=\"(max-width: 709px) 85vw, (max-width: 909px) 67vw, (max-width: 1362px) 62vw, 840px\" \/> <img loading=\"lazy\" class=\"alignnone size-large wp-image-370\" src=\"https:\/\/caixabenicarlo.es\/blog\/wp-content\/uploads\/2018\/09\/20180901_122713-1024x768.jpg\" alt=\"\" width=\"840\" height=\"630\" srcset=\"https:\/\/caixabenicarlo.es\/blog\/wp-content\/uploads\/2018\/09\/20180901_122713-1024x768.jpg 1024w, https:\/\/caixabenicarlo.es\/blog\/wp-content\/uploads\/2018\/09\/20180901_122713-300x225.jpg 300w, https:\/\/caixabenicarlo.es\/blog\/wp-content\/uploads\/2018\/09\/20180901_122713-768x576.jpg 768w, https:\/\/caixabenicarlo.es\/blog\/wp-content\/uploads\/2018\/09\/20180901_122713-1200x900.jpg 1200w\" sizes=\"(max-width: 709px) 85vw, (max-width: 909px) 67vw, (max-width: 1362px) 62vw, 840px\" \/> <img loading=\"lazy\" class=\"alignnone size-large wp-image-371\" src=\"https:\/\/caixabenicarlo.es\/blog\/wp-content\/uploads\/2018\/09\/20180901_123647-1024x768.jpg\" alt=\"\" width=\"840\" height=\"630\" srcset=\"https:\/\/caixabenicarlo.es\/blog\/wp-content\/uploads\/2018\/09\/20180901_123647-1024x768.jpg 1024w, https:\/\/caixabenicarlo.es\/blog\/wp-content\/uploads\/2018\/09\/20180901_123647-300x225.jpg 300w, https:\/\/caixabenicarlo.es\/blog\/wp-content\/uploads\/2018\/09\/20180901_123647-768x576.jpg 768w, https:\/\/caixabenicarlo.es\/blog\/wp-content\/uploads\/2018\/09\/20180901_123647-1200x900.jpg 1200w\" sizes=\"(max-width: 709px) 85vw, (max-width: 909px) 67vw, (max-width: 1362px) 62vw, 840px\" \/><\/p>\n","protected":false},"excerpt":{"rendered":"<p>Caixa Benicarl\u00f3 ha guardonat 12 estudiants amb la XXII ena edici\u00f3 de les Beques a l\u2019Excel\u00b7l\u00e8ncia Acad\u00e8mica. Els guardonats rebran una beca individual de 1.000\u20ac que destinaran al estudis universitaris i superiors que comencen en el curs 2018-2019. Els 12.000\u20ac que la Fundaci\u00f3 Caixa Benicarl\u00f3 atorga, reconeixen el seu m\u00e8rit i esfor\u00e7 per les notes &hellip; <a href=\"https:\/\/caixabenicarlo.es\/blog\/?p=364\" class=\"more-link\">Continuar leyendo<span class=\"screen-reader-text\"> \u00abCaixa Benicarl\u00f3 premia amb 12.000\u20ac  l\u2019Excel\u00b7l\u00e8ncia Acad\u00e8mica\u00bb<\/span><\/a><\/p>\n","protected":false},"author":2,"featured_media":365,"comment_status":"closed","ping_status":"closed","sticky":false,"template":"","format":"standard","meta":[],"categories":[4,5,1],"tags":[61],"_links":{"self":[{"href":"https:\/\/caixabenicarlo.es\/blog\/index.php?rest_route=\/wp\/v2\/posts\/364"}],"collection":[{"href":"https:\/\/caixabenicarlo.es\/blog\/index.php?rest_route=\/wp\/v2\/posts"}],"about":[{"href":"https:\/\/caixabenicarlo.es\/blog\/index.php?rest_route=\/wp\/v2\/types\/post"}],"author":[{"embeddable":true,"href":"https:\/\/caixabenicarlo.es\/blog\/index.php?rest_route=\/wp\/v2\/users\/2"}],"replies":[{"embeddable":true,"href":"https:\/\/caixabenicarlo.es\/blog\/index.php?rest_route=%2Fwp%2Fv2%2Fcomments&post=364"}],"version-history":[{"count":3,"href":"https:\/\/caixabenicarlo.es\/blog\/index.php?rest_route=\/wp\/v2\/posts\/364\/revisions"}],"predecessor-version":[{"id":828,"href":"https:\/\/caixabenicarlo.es\/blog\/index.php?rest_route=\/wp\/v2\/posts\/364\/revisions\/828"}],"wp:featuredmedia":[{"embeddable":true,"href":"https:\/\/caixabenicarlo.es\/blog\/index.php?rest_route=\/wp\/v2\/media\/365"}],"wp:attachment":[{"href":"https:\/\/caixabenicarlo.es\/blog\/index.php?rest_route=%2Fwp%2Fv2%2Fmedia&parent=364"}],"wp:term":[{"taxonomy":"category","embeddable":true,"href":"https:\/\/caixabenicarlo.es\/blog\/index.php?rest_route=%2Fwp%2Fv2%2Fcategories&post=364"},{"taxonomy":"post_tag","embeddable":true,"href":"https:\/\/caixabenicarlo.es\/blog\/index.php?rest_route=%2Fwp%2Fv2%2Ftags&post=364"}],"curies":[{"name":"wp","href":"https:\/\/api.w.org\/{rel}","templated":true}]}}