{"id":375,"date":"2018-09-21T18:25:20","date_gmt":"2018-09-21T18:25:20","guid":{"rendered":"https:\/\/caixabenicarlo.es\/blog\/?p=375"},"modified":"2021-09-27T07:14:41","modified_gmt":"2021-09-27T07:14:41","slug":"caixa-benicarlo-dona-3-360-agendes-als-escolars-de-primaria-de-benicarlo-calig-i-peniscola","status":"publish","type":"post","link":"https:\/\/caixabenicarlo.es\/blog\/?p=375","title":{"rendered":"3.360 agendes per als escolars de Prim\u00e0ria de Benicarl\u00f3, C\u00e0lig i Pen\u00edscola"},"content":{"rendered":"<p>Caixa Benicarl\u00f3 continua recolzant l\u2019educaci\u00f3 a trav\u00e9s de la seua Fundaci\u00f3 i, dins de la campanya que va comen\u00e7ar ara fa 12 anys, torna a facilitar gratu\u00eftament&nbsp; en este curs 2018-19 les agendes als alumnes de Prim\u00e0ria dels col\u00b7legis de Benicarl\u00f3, C\u00e0lig i Pen\u00edscola. L\u2019entitat financera benicarlanda destina una important partida econ\u00f2mica a regalar 3.360 agendes a l\u2019alumnat de les poblacions on hi est\u00e0 establida.<\/p>\n<p>Els alumnes del Col\u00b7legi P\u00fablic Jaime Sanz de Pen\u00edscola, Felicinda Colell de C\u00e0lig, i pel que fa a Benicarl\u00f3, l\u2019\u00c1ngel Esteban, el Mestre Eduardo Mart\u00ednez R\u00f3denas, el Mestre Francesc Catal\u00e1n, i el Marqu\u00e9s de Benicarl\u00f3, a m\u00e9s del concertat Ntra. Sra. de la Consolaci\u00f3n lluiran agenda, gr\u00e0cies a esta acci\u00f3 de Caixa Benicarl\u00f3.<\/p>\n<p>Caixa Benicarl\u00f3 est\u00e0 present tamb\u00e9 en l\u2019\u00e0mbit de l\u2019educaci\u00f3, mitjan\u00e7ant la seva Fundaci\u00f3, ajudant els alumnes amb el xec escolar i les beques a l\u2019excel\u00b7l\u00e8ncia acad\u00e8mica amb quasi 65.000 euros.<\/p>\n<p><img loading=\"lazy\" class=\"alignnone size-large wp-image-376\" src=\"https:\/\/caixabenicarlo.es\/blog\/wp-content\/uploads\/2018\/09\/2018-Agendes-Angel-Esteban-Catal\u00e1n-Jaime-Sanz-1024x576.jpg\" alt=\"\" width=\"840\" height=\"473\" srcset=\"https:\/\/caixabenicarlo.es\/blog\/wp-content\/uploads\/2018\/09\/2018-Agendes-Angel-Esteban-Catal\u00e1n-Jaime-Sanz-1024x576.jpg 1024w, https:\/\/caixabenicarlo.es\/blog\/wp-content\/uploads\/2018\/09\/2018-Agendes-Angel-Esteban-Catal\u00e1n-Jaime-Sanz-300x169.jpg 300w, https:\/\/caixabenicarlo.es\/blog\/wp-content\/uploads\/2018\/09\/2018-Agendes-Angel-Esteban-Catal\u00e1n-Jaime-Sanz-768x432.jpg 768w, https:\/\/caixabenicarlo.es\/blog\/wp-content\/uploads\/2018\/09\/2018-Agendes-Angel-Esteban-Catal\u00e1n-Jaime-Sanz-1200x675.jpg 1200w, https:\/\/caixabenicarlo.es\/blog\/wp-content\/uploads\/2018\/09\/2018-Agendes-Angel-Esteban-Catal\u00e1n-Jaime-Sanz.jpg 1600w\" sizes=\"(max-width: 709px) 85vw, (max-width: 909px) 67vw, (max-width: 1362px) 62vw, 840px\" \/><\/p>\n","protected":false},"excerpt":{"rendered":"<p>Caixa Benicarl\u00f3 continua recolzant l\u2019educaci\u00f3 a trav\u00e9s de la seua Fundaci\u00f3 i, dins de la campanya que va comen\u00e7ar ara fa 12 anys, torna a facilitar gratu\u00eftament&nbsp; en este curs 2018-19 les agendes als alumnes de Prim\u00e0ria dels col\u00b7legis de Benicarl\u00f3, C\u00e0lig i Pen\u00edscola. L\u2019entitat financera benicarlanda destina una important partida econ\u00f2mica a regalar 3.360 &hellip; <a href=\"https:\/\/caixabenicarlo.es\/blog\/?p=375\" class=\"more-link\">Continuar leyendo<span class=\"screen-reader-text\"> \u00ab3.360 agendes per als escolars de Prim\u00e0ria de Benicarl\u00f3, C\u00e0lig i Pen\u00edscola\u00bb<\/span><\/a><\/p>\n","protected":false},"author":2,"featured_media":377,"comment_status":"closed","ping_status":"closed","sticky":false,"template":"","format":"standard","meta":[],"categories":[4,5,1],"tags":[62],"_links":{"self":[{"href":"https:\/\/caixabenicarlo.es\/blog\/index.php?rest_route=\/wp\/v2\/posts\/375"}],"collection":[{"href":"https:\/\/caixabenicarlo.es\/blog\/index.php?rest_route=\/wp\/v2\/posts"}],"about":[{"href":"https:\/\/caixabenicarlo.es\/blog\/index.php?rest_route=\/wp\/v2\/types\/post"}],"author":[{"embeddable":true,"href":"https:\/\/caixabenicarlo.es\/blog\/index.php?rest_route=\/wp\/v2\/users\/2"}],"replies":[{"embeddable":true,"href":"https:\/\/caixabenicarlo.es\/blog\/index.php?rest_route=%2Fwp%2Fv2%2Fcomments&post=375"}],"version-history":[{"count":5,"href":"https:\/\/caixabenicarlo.es\/blog\/index.php?rest_route=\/wp\/v2\/posts\/375\/revisions"}],"predecessor-version":[{"id":827,"href":"https:\/\/caixabenicarlo.es\/blog\/index.php?rest_route=\/wp\/v2\/posts\/375\/revisions\/827"}],"wp:featuredmedia":[{"embeddable":true,"href":"https:\/\/caixabenicarlo.es\/blog\/index.php?rest_route=\/wp\/v2\/media\/377"}],"wp:attachment":[{"href":"https:\/\/caixabenicarlo.es\/blog\/index.php?rest_route=%2Fwp%2Fv2%2Fmedia&parent=375"}],"wp:term":[{"taxonomy":"category","embeddable":true,"href":"https:\/\/caixabenicarlo.es\/blog\/index.php?rest_route=%2Fwp%2Fv2%2Fcategories&post=375"},{"taxonomy":"post_tag","embeddable":true,"href":"https:\/\/caixabenicarlo.es\/blog\/index.php?rest_route=%2Fwp%2Fv2%2Ftags&post=375"}],"curies":[{"name":"wp","href":"https:\/\/api.w.org\/{rel}","templated":true}]}}