{"id":385,"date":"2018-10-14T17:55:34","date_gmt":"2018-10-14T17:55:34","guid":{"rendered":"https:\/\/caixabenicarlo.es\/blog\/?p=385"},"modified":"2021-09-27T07:14:18","modified_gmt":"2021-09-27T07:14:18","slug":"caixa-benicarlo-ofereix-dos-beques-per-a-catalogar-les-seues-obres-dart-i-larxiu-documental-i-fotografic","status":"publish","type":"post","link":"https:\/\/caixabenicarlo.es\/blog\/?p=385","title":{"rendered":"Caixa Benicarl\u00f3 ofereix dos beques per a catalogar les seues obres d\u2019art i l\u2019arxiu documental i fotogr\u00e0fic"},"content":{"rendered":"<p>Caixa Benicarl\u00f3 ha tornat a signar un conveni de col\u00b7laboraci\u00f3 amb la Fundaci\u00f3 Universitat Jaume I-Empresa de Castell\u00f3 (FUE-UJI) per a oferir dos beques remunerades, amb l\u2019objectiu de catalogar, tant les obres d\u2019art conservades en la seua fundaci\u00f3 com el material documental i fotogr\u00e0fic amb el qual compta.<\/p>\n<p>La primera de les beques ajudar\u00e0 a catalogar les obres d\u2019art conservades en la Fundaci\u00f3 Caixa Benicarl\u00f3, motiu pel qual la persona becada haur\u00e0 de ser titulada en Humanitats, Hist\u00f2ria de l\u2019Art o Belles Arts. Es tracta d\u2019obres d\u2019artistes de les comarques del nord de Castell\u00f3 i de la prov\u00edncia. Entre elles hi ha obra del pintor benicarlando, Fernando Peir\u00f3 Coronado o del vinarossenc Federico Valls Cerd\u00e0. La seua durada ser\u00e0&nbsp; de 4 mesos i les seues bases es poden consultar a la refer\u00e8ncia BECA 801 del web de la UJI: <a href=\"http:\/\/www.fue.uji.es\/titulados\/beca\/titulado-humanidades-historia-del-arte-bellas-artes-1176\">http:\/\/www.fue.uji.es\/titulados\/beca\/titulado-humanidades-historia-del-arte-bellas-artes-1176<\/a><\/p>\n<p>D\u2019altra banda, la segona de les beques proposa seguir catalogant l\u2019arxiu fotogr\u00e0fic i documental de Caixa Benicarl\u00f3 durant 4 mesos. Com a requisit cal tindre el t\u00edtol&nbsp; en Biblioteconomia i Documentacio, Hist\u00f2ria i Patrimoni, Comunicaci\u00f3 Audovisual, Publicitat i Relacions P\u00fabliques o Periodisme.&nbsp;Es tracta de la beca amb refer\u00e8ncia BECA 763, les bases de la qual poden trobar-se al seg\u00fcent enlla\u00e7: <a href=\"http:\/\/www.fue.uji.es\/titulados\/beca\/titulado-biblioteconomia-documentacion-historia-patrimonio-humanidades-comunicacion-audiovisual-publicidad-relaciones-publicas-periodismo-1182\">http:\/\/www.fue.uji.es\/titulados\/beca\/titulado-biblioteconomia-documentacion-historia-patrimonio-humanidades-comunicacion-audiovisual-publicidad-relaciones-publicas-periodismo-1182<\/a><\/p>\n","protected":false},"excerpt":{"rendered":"<p>Caixa Benicarl\u00f3 ha tornat a signar un conveni de col\u00b7laboraci\u00f3 amb la Fundaci\u00f3 Universitat Jaume I-Empresa de Castell\u00f3 (FUE-UJI) per a oferir dos beques remunerades, amb l\u2019objectiu de catalogar, tant les obres d\u2019art conservades en la seua fundaci\u00f3 com el material documental i fotogr\u00e0fic amb el qual compta. La primera de les beques ajudar\u00e0 a &hellip; <a href=\"https:\/\/caixabenicarlo.es\/blog\/?p=385\" class=\"more-link\">Continuar leyendo<span class=\"screen-reader-text\"> \u00abCaixa Benicarl\u00f3 ofereix dos beques per a catalogar les seues obres d\u2019art i l\u2019arxiu documental i fotogr\u00e0fic\u00bb<\/span><\/a><\/p>\n","protected":false},"author":2,"featured_media":261,"comment_status":"closed","ping_status":"closed","sticky":false,"template":"","format":"standard","meta":[],"categories":[4,1],"tags":[],"_links":{"self":[{"href":"https:\/\/caixabenicarlo.es\/blog\/index.php?rest_route=\/wp\/v2\/posts\/385"}],"collection":[{"href":"https:\/\/caixabenicarlo.es\/blog\/index.php?rest_route=\/wp\/v2\/posts"}],"about":[{"href":"https:\/\/caixabenicarlo.es\/blog\/index.php?rest_route=\/wp\/v2\/types\/post"}],"author":[{"embeddable":true,"href":"https:\/\/caixabenicarlo.es\/blog\/index.php?rest_route=\/wp\/v2\/users\/2"}],"replies":[{"embeddable":true,"href":"https:\/\/caixabenicarlo.es\/blog\/index.php?rest_route=%2Fwp%2Fv2%2Fcomments&post=385"}],"version-history":[{"count":3,"href":"https:\/\/caixabenicarlo.es\/blog\/index.php?rest_route=\/wp\/v2\/posts\/385\/revisions"}],"predecessor-version":[{"id":826,"href":"https:\/\/caixabenicarlo.es\/blog\/index.php?rest_route=\/wp\/v2\/posts\/385\/revisions\/826"}],"wp:featuredmedia":[{"embeddable":true,"href":"https:\/\/caixabenicarlo.es\/blog\/index.php?rest_route=\/wp\/v2\/media\/261"}],"wp:attachment":[{"href":"https:\/\/caixabenicarlo.es\/blog\/index.php?rest_route=%2Fwp%2Fv2%2Fmedia&parent=385"}],"wp:term":[{"taxonomy":"category","embeddable":true,"href":"https:\/\/caixabenicarlo.es\/blog\/index.php?rest_route=%2Fwp%2Fv2%2Fcategories&post=385"},{"taxonomy":"post_tag","embeddable":true,"href":"https:\/\/caixabenicarlo.es\/blog\/index.php?rest_route=%2Fwp%2Fv2%2Ftags&post=385"}],"curies":[{"name":"wp","href":"https:\/\/api.w.org\/{rel}","templated":true}]}}