{"id":395,"date":"2018-12-03T22:47:18","date_gmt":"2018-12-03T22:47:18","guid":{"rendered":"https:\/\/caixabenicarlo.es\/blog\/?p=395"},"modified":"2021-09-27T07:14:06","modified_gmt":"2021-09-27T07:14:06","slug":"el-joc-de-la-vida-de-christian-arin-protagonitza-el-calendari-2019-de-caixa-benicarlo","status":"publish","type":"post","link":"https:\/\/caixabenicarlo.es\/blog\/?p=395","title":{"rendered":"\u201cEl Joc de la vida\u201d de Cristian Ar\u00edn, protagonitza el calendari 2019 de Caixa Benicarl\u00f3"},"content":{"rendered":"<h5><\/h5>\n<p><a href=\"https:\/\/www.caixabenicarlo.es\/web\/index.php\/ca\/\">Caixa Benicarl\u00f3<\/a> ha presentant este dilluns 3 de desembre el seu Calendari 2019. L\u2019entitat financera benicarlanda vol seguir jugant els propers 365 dies de l\u2019any, a trav\u00e9s d\u2019una aposta fotogr\u00e0fica del jove benicarlando Cristian Ar\u00edn que t\u00e9 com a protagonistes els clicks i diferents situacions, festes i llocs, on els municipis de Benicarl\u00f3, Pen\u00edscola i C\u00e0lig apareixen representats.<\/p>\n<p>El director general de Caixa Benicarl\u00f3, Jos\u00e9 Manuel Gal\u00e1n, ha recordat que <em>\u201cs\u00f3n m\u00e9s de 30 anys els que l\u2019entitat porta fent calendaris i que cada any \u00e9s un repte. La idea del calendari d\u2019enguany va sorgir a partir de l\u2019exposici\u00f3 \u201cEl Joc de la Vida\u201d que Christian Ar\u00edn va fer al MUCBE. Aix\u00ed que enguany seguirem jugant i ho farem amb els clicks<\/em><em>, que s\u2019adapten per a simular diverses situacions reals o llocs coneguts a la nostra zona\u201d.<\/em><\/p>\n<p>Per la seua banda, l\u2019autor de les fotografies del calendari, Cristian Ar\u00edn, ha explicat que porta treballant un any en ell.<em> \u201cCada imatge del mes mostra un Benicarl\u00f3 divers. Comen\u00e7a l&#8217;any amb Sant Antoni, degusta la seva Denominaci\u00f3 D&#8217;Origen la carxofa, viu les Falles, s&#8217;emociona amb la Setmana Santa, gaudeix amb la tradicional Romeria de Sant Gregori, celebra la important festivitat dels mariners amb Sant Pere, s&#8217;agermana amb el poble ve\u00ed de Pen\u00edscola, s&#8217;il\u00b7lusiona amb les esperades Festes Patronals, s&#8217;entusiasma amb els paratges del Socors a C\u00e0lig, fomenta la cultura al Mucbe, es sent orgull\u00f3s de la figura m\u00e9s important benicarlanda com \u00e9s el Llaurador i finalitza l&#8217;any amb l&#8217;alegria de les Festes de Nadal\u201d, <\/em>ha detallat Ar\u00edn.<\/p>\n<p>El disseny del calendari ha anat a c\u00e0rrec de l\u2019Ag\u00e8ncia de Comunicaci\u00f3, Alter Partner. L\u2019almanac es repartir\u00e0 als socis i clients a partir del proper dilluns 10 de desembre, a tocant del detall de Nadal que enguany torna a estar basat en productes de proximitat: Mel de taronger i ametlles marcones del terreny.<\/p>\n<p><strong>Calendari 2020<\/strong><\/p>\n<p>Un cop presentant el calendari del proper any, Caixa Benicarl\u00f3 ja pensa en el de 2020. En este sentit, Jos\u00e9 Manuel Gal\u00e1n ha avan\u00e7at que <em>estar\u00e0 basat en el tradicional \u201cJoc de l\u2019oca\u201d, adaptat al patrimoni de la comarca. \u201cTriarem 12 imatges per a donar vida a este nou calendari, a trav\u00e9s d\u2019un concurs de fotografia\u201d, <\/em>ha anticipat Gal\u00e1n.<\/p>\n<p><img loading=\"lazy\" class=\"alignnone size-large wp-image-397\" src=\"https:\/\/caixabenicarlo.es\/blog\/wp-content\/uploads\/2018\/12\/20181203_121015-1024x768.jpg\" alt=\"\" width=\"840\" height=\"630\" srcset=\"https:\/\/caixabenicarlo.es\/blog\/wp-content\/uploads\/2018\/12\/20181203_121015-1024x768.jpg 1024w, https:\/\/caixabenicarlo.es\/blog\/wp-content\/uploads\/2018\/12\/20181203_121015-300x225.jpg 300w, https:\/\/caixabenicarlo.es\/blog\/wp-content\/uploads\/2018\/12\/20181203_121015-768x576.jpg 768w, https:\/\/caixabenicarlo.es\/blog\/wp-content\/uploads\/2018\/12\/20181203_121015-1200x900.jpg 1200w\" sizes=\"(max-width: 709px) 85vw, (max-width: 909px) 67vw, (max-width: 1362px) 62vw, 840px\" \/> <img loading=\"lazy\" class=\"alignnone size-large wp-image-398\" src=\"https:\/\/caixabenicarlo.es\/blog\/wp-content\/uploads\/2018\/12\/20181203_121008-1024x768.jpg\" alt=\"\" width=\"840\" height=\"630\" srcset=\"https:\/\/caixabenicarlo.es\/blog\/wp-content\/uploads\/2018\/12\/20181203_121008-1024x768.jpg 1024w, https:\/\/caixabenicarlo.es\/blog\/wp-content\/uploads\/2018\/12\/20181203_121008-300x225.jpg 300w, https:\/\/caixabenicarlo.es\/blog\/wp-content\/uploads\/2018\/12\/20181203_121008-768x576.jpg 768w, https:\/\/caixabenicarlo.es\/blog\/wp-content\/uploads\/2018\/12\/20181203_121008-1200x900.jpg 1200w\" sizes=\"(max-width: 709px) 85vw, (max-width: 909px) 67vw, (max-width: 1362px) 62vw, 840px\" \/> <img loading=\"lazy\" class=\"alignnone size-large wp-image-399\" src=\"https:\/\/caixabenicarlo.es\/blog\/wp-content\/uploads\/2018\/12\/IMG-20181203-WA0080-1024x778.jpg\" alt=\"\" width=\"840\" height=\"638\" srcset=\"https:\/\/caixabenicarlo.es\/blog\/wp-content\/uploads\/2018\/12\/IMG-20181203-WA0080-1024x778.jpg 1024w, https:\/\/caixabenicarlo.es\/blog\/wp-content\/uploads\/2018\/12\/IMG-20181203-WA0080-300x228.jpg 300w, https:\/\/caixabenicarlo.es\/blog\/wp-content\/uploads\/2018\/12\/IMG-20181203-WA0080-768x583.jpg 768w, https:\/\/caixabenicarlo.es\/blog\/wp-content\/uploads\/2018\/12\/IMG-20181203-WA0080-1200x911.jpg 1200w, https:\/\/caixabenicarlo.es\/blog\/wp-content\/uploads\/2018\/12\/IMG-20181203-WA0080.jpg 1546w\" sizes=\"(max-width: 709px) 85vw, (max-width: 909px) 67vw, (max-width: 1362px) 62vw, 840px\" \/> &nbsp;<img loading=\"lazy\" class=\"alignnone size-large wp-image-401\" src=\"https:\/\/caixabenicarlo.es\/blog\/wp-content\/uploads\/2018\/12\/20181203_120735-1024x768.jpg\" alt=\"\" width=\"840\" height=\"630\" srcset=\"https:\/\/caixabenicarlo.es\/blog\/wp-content\/uploads\/2018\/12\/20181203_120735-1024x768.jpg 1024w, https:\/\/caixabenicarlo.es\/blog\/wp-content\/uploads\/2018\/12\/20181203_120735-300x225.jpg 300w, https:\/\/caixabenicarlo.es\/blog\/wp-content\/uploads\/2018\/12\/20181203_120735-768x576.jpg 768w, https:\/\/caixabenicarlo.es\/blog\/wp-content\/uploads\/2018\/12\/20181203_120735-1200x900.jpg 1200w\" sizes=\"(max-width: 709px) 85vw, (max-width: 909px) 67vw, (max-width: 1362px) 62vw, 840px\" \/><\/p>\n","protected":false},"excerpt":{"rendered":"<p>Caixa Benicarl\u00f3 ha presentant este dilluns 3 de desembre el seu Calendari 2019. L\u2019entitat financera benicarlanda vol seguir jugant els propers 365 dies de l\u2019any, a trav\u00e9s d\u2019una aposta fotogr\u00e0fica del jove benicarlando Cristian Ar\u00edn que t\u00e9 com a protagonistes els clicks i diferents situacions, festes i llocs, on els municipis de Benicarl\u00f3, Pen\u00edscola i &hellip; <a href=\"https:\/\/caixabenicarlo.es\/blog\/?p=395\" class=\"more-link\">Continuar leyendo<span class=\"screen-reader-text\"> \u00ab\u201cEl Joc de la vida\u201d de Cristian Ar\u00edn, protagonitza el calendari 2019 de Caixa Benicarl\u00f3\u00bb<\/span><\/a><\/p>\n","protected":false},"author":2,"featured_media":396,"comment_status":"closed","ping_status":"closed","sticky":false,"template":"","format":"standard","meta":[],"categories":[4,1],"tags":[63],"_links":{"self":[{"href":"https:\/\/caixabenicarlo.es\/blog\/index.php?rest_route=\/wp\/v2\/posts\/395"}],"collection":[{"href":"https:\/\/caixabenicarlo.es\/blog\/index.php?rest_route=\/wp\/v2\/posts"}],"about":[{"href":"https:\/\/caixabenicarlo.es\/blog\/index.php?rest_route=\/wp\/v2\/types\/post"}],"author":[{"embeddable":true,"href":"https:\/\/caixabenicarlo.es\/blog\/index.php?rest_route=\/wp\/v2\/users\/2"}],"replies":[{"embeddable":true,"href":"https:\/\/caixabenicarlo.es\/blog\/index.php?rest_route=%2Fwp%2Fv2%2Fcomments&post=395"}],"version-history":[{"count":8,"href":"https:\/\/caixabenicarlo.es\/blog\/index.php?rest_route=\/wp\/v2\/posts\/395\/revisions"}],"predecessor-version":[{"id":825,"href":"https:\/\/caixabenicarlo.es\/blog\/index.php?rest_route=\/wp\/v2\/posts\/395\/revisions\/825"}],"wp:featuredmedia":[{"embeddable":true,"href":"https:\/\/caixabenicarlo.es\/blog\/index.php?rest_route=\/wp\/v2\/media\/396"}],"wp:attachment":[{"href":"https:\/\/caixabenicarlo.es\/blog\/index.php?rest_route=%2Fwp%2Fv2%2Fmedia&parent=395"}],"wp:term":[{"taxonomy":"category","embeddable":true,"href":"https:\/\/caixabenicarlo.es\/blog\/index.php?rest_route=%2Fwp%2Fv2%2Fcategories&post=395"},{"taxonomy":"post_tag","embeddable":true,"href":"https:\/\/caixabenicarlo.es\/blog\/index.php?rest_route=%2Fwp%2Fv2%2Ftags&post=395"}],"curies":[{"name":"wp","href":"https:\/\/api.w.org\/{rel}","templated":true}]}}