{"id":450,"date":"2019-02-11T23:43:34","date_gmt":"2019-02-11T23:43:34","guid":{"rendered":"https:\/\/caixabenicarlo.es\/blog\/?p=450"},"modified":"2021-09-27T07:13:07","modified_gmt":"2021-09-27T07:13:07","slug":"bases-concurs-calendari-2020","status":"publish","type":"post","link":"https:\/\/caixabenicarlo.es\/blog\/?p=450","title":{"rendered":"Bases concurs \u00abCalendari 2020\u00bb"},"content":{"rendered":"<p>Caixa Rural Benicarl\u00f3, S. Cooperativa de Cr\u00e8dit Valenciana (d&#8217;ara endavant, Caixa Benicarl\u00f3) llan\u00e7a un concurs de fotografia entre els seus clients per a l&#8217;elaboraci\u00f3 del Calendari de 2020.<\/p>\n<ol>\n<li><strong> Requisits dels participants.- <\/strong><\/li>\n<\/ol>\n<p>Podran optar als premis en aquest concurs fotogr\u00e0fic tots els <strong>clients&nbsp;<a href=\"#_ftn1\" name=\"_ftnref1\">[1]<\/a> <\/strong>&nbsp;de Caixa Benicarl\u00f3 que ho desitgen, tant professionals com aficionats, sempre que siguen majors d&#8217;edat i els seus treballs s&#8217;ajusten a les condicions establides en les presents bases.<\/p>\n<ol start=\"2\">\n<li><strong> Tem\u00e0tica.- <\/strong><\/li>\n<\/ol>\n<p>Fotografia de Patrimoni de Benicarl\u00f3, C\u00e0lig i Pen\u00edscola. Es valorar\u00e0 tant el patrimoni arqueol\u00f2gic, urb\u00e0, natural i micro patrimoni.<\/p>\n<ol start=\"3\">\n<li><strong> Finalitat.-<\/strong><\/li>\n<\/ol>\n<p>El jurat triar\u00e0 12 fotografies guanyadores per formar part de les l\u00e0mines corresponents a cada mes del calendari de l\u2019any 2020, editat per Caixa Benicarl\u00f3.<\/p>\n<p>A m\u00e9s de les 12 fotografies guanyadores, la resta que el jurat consideren adients, formarien part d\u2019un joc de l&#8217;OCA (12+51 imatges), a incloure a la portada i contraportada del calendari 2020, si s\u2019escau.<\/p>\n<p>CAIXA BENICARL\u00d3 es reserva el dret d&#8217;acceptar les fotografies segons s&#8217;ajusten o no a la tem\u00e0tica plantejada, a uns criteris de qualitat t\u00e8cnica m\u00ednims i al seu encaix amb la resta de fotografies seleccionades per a formar part del calendari 2020.<\/p>\n<ol start=\"4\">\n<li><strong> Requisits de les fotografies.-<\/strong><\/li>\n<\/ol>\n<p>&#8211; No poden apar\u00e8ixer persones <strong>identificades <\/strong>o identificables en les fotografies sense el seu consentiment expr\u00e9s.<\/p>\n<p>&#8211;&nbsp; Les imatges hauran de ser necess\u00e0riament originals, in\u00e8dites, no havent sigut presentades i\/o premiades en aquest certamen ni en qualsevol altre concurs.<\/p>\n<p>&#8211;&nbsp; Les imatges podran ser en color o blanc i negre amb format horitzontal o vertical. No obstant, les triades per a composar el calendari, el jurat tindr\u00e0 en compte preferentment les&nbsp; horitzontals per garantir una correcta adaptaci\u00f3.<\/p>\n<p>&#8211;&nbsp; Les fotografies hauran de ser propietat de l&#8217;autor que les presente al certamen.<\/p>\n<p>&#8211;&nbsp; En el cas de fotografies premiades, l&#8217;organitzaci\u00f3 demanar\u00e0 l&#8217;arxiu RAW o JPG amb una resoluci\u00f3 de 300 ppp, en una grand\u00e0ria m\u00ednima de 3840 x 3000 px. &nbsp;(La grand\u00e0ria per al calendari sol ser de 32 x 25 cm)<\/p>\n<p>&#8211; No s&#8217;admetran fotografies amb marques d&#8217;aigua ni signades.<\/p>\n<p>&#8211; En el cas que isqueren persones, aquestes hauran de comptar amb l&#8217;autoritzaci\u00f3 d&#8217;aquestes, i si la fotografia isquera premiada ser\u00e0 obligatori que cada persona que apareix en la mateixa signe l&#8217;autoritzaci\u00f3 per a fer \u00fas de la seua imatge en el calendari, actes, documents i publicitat d&#8217;aquest.<\/p>\n<p><strong>5.- Forma de presentaci\u00f3.-<\/strong><\/p>\n<p>Les fotografies hauran de publicar-se amb l&#8217;etiqueta <strong>#CALENDARIBLO2020<\/strong>, <strong>&nbsp;<\/strong>en una de les seg\u00fcents xarxes socials:<\/p>\n<ul>\n<li>Facebook<\/li>\n<li>Twitter<\/li>\n<li>Instagram<\/li>\n<\/ul>\n<p><strong>6.- Data de presentaci\u00f3.-<\/strong><\/p>\n<p>Del 12 de febrer de 2019 fins al dia 15 de setembre de 2019, tots dos inclusivament.<\/p>\n<p><strong>7.- Jurat.- <\/strong><\/p>\n<p>El jurat estar\u00e0 compost pels equips del \u00c0rea de Mitjans de CAIXA BENICARL\u00d3. La decisi\u00f3 del jurat es far\u00e0 p\u00fablica a partir del 16 de setembre de 2019 a trav\u00e9s de les xarxes socials, i ser\u00e0 inapel\u00b7lable.<\/p>\n<p>Els <strong>criteris de valoraci\u00f3 del Jurat <\/strong>seran <strong>l\u2019originalitat, l\u2019enfocament, l&#8217;emoci\u00f3 transmesa<\/strong>, la <strong>qualitat <\/strong>est\u00e8tica, compositiva i t\u00e8cnica de les fotografies.<\/p>\n<p>Es triaran 12 fotografies m\u00e9s 12 de reserva. Una vegada realitzada la citada elecci\u00f3 ens posarem en contacte amb els guanyadors a trav\u00e9s de les xarxes socials en les quals hagen incorporat la seua fotografia. El participant haur\u00e0 d&#8217;enviar els arxius sol\u00b7licitats i autoritzacions, en un termini m\u00e0xim de 48 h. des de la publicaci\u00f3 en xarxes socials dels premiats, si aix\u00ed no ho fera perdria el premi i passaria el premi a la seg\u00fcent fotografia reserva.<\/p>\n<p>El Jurat es reserva el dret de declarar deserts els premis que s&#8217;estableixen en l&#8217;apartat seg\u00fcent, si els treballs presentats no reuniren, al seu criteri, els m\u00e8rits suficients.<\/p>\n<p><strong>8.- Premis.- <\/strong><\/p>\n<p>S&#8217;estableix el seg\u00fcent premi per a les fotografies triades, per a cadascuna de les l\u00e0mines mensuals (12):<\/p>\n<ul>\n<li>Dos dies amb encant \u201cSMART BOX\u201d o caixa experi\u00e8ncia similar.<\/li>\n<li>Reconeixement p\u00fablic i un exemplar del calendari editat.<\/li>\n<\/ul>\n<p>Per a la resta de fotografies (51) que completaran el joc de l&#8217;OCA:<\/p>\n<ul>\n<li>Val bescanviable per un lot de fruites i hortalisses \u201cBENIHORT\u201d.<\/li>\n<li>Reconeixement p\u00fablic i un exemplar del calendari editat.<\/li>\n<\/ul>\n<p><strong>El lliurament de premis es realitzar\u00e0 en l&#8217;acte p\u00fablic en el qual es presente el calendari. <\/strong><\/p>\n<p>Les obres premiades passaran a ser propietat de CAIXA BENICARL\u00d3 amb fins culturals, art\u00edstics o publicitaris, citant sempre el nom de l&#8217;autor; atenint-se, en tot cas, al que disposa la Llei de Propietat Intel\u00b7lectual.<\/p>\n<p><strong>9- Drets d&#8217;autor. &#8211; <\/strong><\/p>\n<p>La propietat intel\u00b7lectual de les obres \u00e9s dels seus autors. No obstant aix\u00f2, els autors de les 12 fotografies seleccionades, aix\u00ed com de les restants 51 que s&#8217;utilitzaren per al disseny del Calendari, atorguen el seu consentiment i autoritzaci\u00f3 a CAIXA BENICARL\u00d3 per a la reproducci\u00f3, distribuci\u00f3, difusi\u00f3, exposici\u00f3 i comunicaci\u00f3 p\u00fablica, sense \u00e0nim de lucre, a trav\u00e9s dels mitjans i suports que estime convenient, de les imatges per als per\u00edodes i limitacions que la legislaci\u00f3 actual espanyola estableix, sempre que s&#8217;esmente l&#8217;autoria de les mateixes i sense que aix\u00f2 comporte cap mena d&#8217;abonament de drets als seus autors ni deriven, en cap cas, beneficis econ\u00f2mics a favor de CAIXA BENICARL\u00d3 .<\/p>\n<p>Cada participant garanteix ser el titular dels drets sobre l&#8217;obra presentada, per la qual cosa eximeix a la Caixa de qualsevol reclamaci\u00f3 sobre aquest tema.<\/p>\n<p><strong>10.- Dades de Car\u00e0cter personal.-<\/strong><\/p>\n<p>En compliment del que s&#8217;estableix en la legislaci\u00f3 vigent en mat\u00e8ria de protecci\u00f3 de dades, les dades facilitades pel participant durant el concurs (dades identificatives, dades professionals, imatges\u2026) seran tractats per CAIXA RURAL BENICARL\u00d3, S. Coop. de Cr\u00e8dit V., (d&#8217;ara endavant, el Responsable del tractament) amb CIF F12013348 i domicili en Av. Joan Carles I, 18 &#8211; 12580 Benicarl\u00f3. Tel\u00e8fon 964 460 424. El contacte del Delegat de Protecci\u00f3 de Dades \u00e9s admin@caixabenicarlo.es.<\/p>\n<p>Les dades personals facilitades seran tractades amb la finalitat de gestionar la participaci\u00f3 en el present concurs, sobre la base legitimadora de la relaci\u00f3 jur\u00eddica existent entre el participant i el Responsable, des del moment de la seua inscripci\u00f3. Aix\u00ed mateix i en el cas de resultar guanyador, les dades personals facilitades, inclosa la imatge, seran tractades per a la seua difusi\u00f3 en xarxes socials, web corporativa i mitjans de comunicaci\u00f3, en atenci\u00f3 a l\u2019inter\u00e8s leg\u00edtim del Responsable a donar a con\u00e8ixer i difondre l&#8217;organitzaci\u00f3 del concurs i l&#8217;acte de concessi\u00f3 del premi.<\/p>\n<p>Les dades facilitades seran conservades pel Responsable durant un per\u00edode de 5 anys de cara a solucionar les possibles obligacions o responsabilitats legals. Transcorregut aquest termini, es procedir\u00e0 al seu esborrat o eliminaci\u00f3.<\/p>\n<p>Les dades personals facilitades no seran objecte de cessi\u00f3 a tercers, ni transfer\u00e8ncia internacional.<\/p>\n<p>En cas que les imatges presentades aparegueren terceres persones, el participant queda expressament obligat a recaptar i acreditar documentalment el consentiment de l&#8217;interessat, el qual haur\u00e0 de ser expr\u00e9s i v\u00e0lid en els termes legals exigibles, tant per a la seua captaci\u00f3 com per a la seua difusi\u00f3, havent d&#8217;informar en tots els seus extrems de la finalitat de les imatges preses, la participaci\u00f3 en un concurs, la difusi\u00f3 de la imatge en un calendari etc\u2026. La falta d&#8217;acreditaci\u00f3 del consentiment expr\u00e9s en els termes indicats donar\u00e0 lloc a l&#8217;exclusi\u00f3 del concurs. En el cas de menors, haur\u00e0 de recaptar-se aquest consentiment dels progenitors i\/o tutors legals.<\/p>\n<p>El participant podr\u00e0 exercir els seus drets d&#8217;acc\u00e9s, rectificaci\u00f3, cancel\u00b7laci\u00f3\/supressi\u00f3, oposici\u00f3, limitaci\u00f3 i portabilitat, a trav\u00e9s de l&#8217;adre\u00e7a indicada o b\u00e9 a l&#8217;adre\u00e7a admin@caixabenicarlo.es aportant fotoc\u00f2pia del seu DNI o document equivalent i identificant el dret que se sol\u00b7licita. Aix\u00ed mateix, en cas de considerar vulnerat el seu dret a la protecci\u00f3 de dades personals, podran interposar una reclamaci\u00f3 davant l&#8217;Ag\u00e8ncia Espanyola de Protecci\u00f3 de Dades (www.agpd.es).<\/p>\n<p><strong>11.- Observacions.-<\/strong><\/p>\n<p>\u00c9s important moure la seua foto amb l&#8217;etiqueta <strong>#CALENDARIBLO2020<\/strong> en xarxes socials. Quantes m\u00e9s vegades aparega i m\u00e9s \u201cm&#8217;agrades\u201d tinga en les diferents xarxes socials, m\u00e9s f\u00e0cil ho tindr\u00e0 el Jurat.<\/p>\n<p>CAIXA BENICARL\u00d3 queda facultada per a resoldre qualsevol conting\u00e8ncia no prevista en les bases i es reserva el dret a suspendre o donar per finalitzat aquest concurs, no tenint els participants drets a cap reclam.<\/p>\n<p><strong>12.- Fiscalitat.-<\/strong><\/p>\n<p>Conforme a la legislaci\u00f3 fiscal vigent, el lliurament del premi a persona f\u00edsica, tindr\u00e0 la consideraci\u00f3 de rendiment del treball i en virtut a l\u2019art 80.1. 4t RIRPF i 101.3 LIRPF estar\u00e0 subjecte a retenci\u00f3 i ingr\u00e9s a compte del 15%.<\/p>\n<p>Si el lliurament del premi es duu a terme dins de l&#8217;\u00e0mbit d&#8217;una activitat professional, el lliurament del premi, tindr\u00e0 la consideraci\u00f3 de rendiment de l&#8217;activitat professional i segons l&#8217;article 101.5 de la LIRPF, la retenci\u00f3 o ingr\u00e9s a compte amb car\u00e0cter general ser\u00e0 del 15%.<\/p>\n<p><strong>13.- Acceptaci\u00f3 de les bases. &#8211; <\/strong><\/p>\n<p>La participaci\u00f3 en el present concurs implica la plena acceptaci\u00f3 del contingut d&#8217;aquestes bases. Qualsevol q\u00fcesti\u00f3 o situaci\u00f3 no prevista en les mateixes ser\u00e0 resolta per l&#8217;organitzaci\u00f3.<\/p>\n<p>CR 14\/1\/2019<\/p>\n<p><strong><em><a href=\"#_ftnref1\" name=\"_ftn1\">[1]<\/a> Es considera client aquell que \u00e9s titular d&#8217;un compte actiu en CAIXABENICARL\u00d3 , amb moviments recents en els \u00faltims tres mesos, i el saldo dels quals no siga zero.<\/em><\/strong><\/p>\n","protected":false},"excerpt":{"rendered":"<p>Caixa Rural Benicarl\u00f3, S. Cooperativa de Cr\u00e8dit Valenciana (d&#8217;ara endavant, Caixa Benicarl\u00f3) llan\u00e7a un concurs de fotografia entre els seus clients per a l&#8217;elaboraci\u00f3 del Calendari de 2020. Requisits dels participants.- Podran optar als premis en aquest concurs fotogr\u00e0fic tots els clients&nbsp;[1] &nbsp;de Caixa Benicarl\u00f3 que ho desitgen, tant professionals com aficionats, sempre que siguen &hellip; <a href=\"https:\/\/caixabenicarlo.es\/blog\/?p=450\" class=\"more-link\">Continuar leyendo<span class=\"screen-reader-text\"> \u00abBases concurs \u00abCalendari 2020\u00bb\u00bb<\/span><\/a><\/p>\n","protected":false},"author":2,"featured_media":451,"comment_status":"closed","ping_status":"closed","sticky":false,"template":"","format":"standard","meta":[],"categories":[1],"tags":[66],"_links":{"self":[{"href":"https:\/\/caixabenicarlo.es\/blog\/index.php?rest_route=\/wp\/v2\/posts\/450"}],"collection":[{"href":"https:\/\/caixabenicarlo.es\/blog\/index.php?rest_route=\/wp\/v2\/posts"}],"about":[{"href":"https:\/\/caixabenicarlo.es\/blog\/index.php?rest_route=\/wp\/v2\/types\/post"}],"author":[{"embeddable":true,"href":"https:\/\/caixabenicarlo.es\/blog\/index.php?rest_route=\/wp\/v2\/users\/2"}],"replies":[{"embeddable":true,"href":"https:\/\/caixabenicarlo.es\/blog\/index.php?rest_route=%2Fwp%2Fv2%2Fcomments&post=450"}],"version-history":[{"count":6,"href":"https:\/\/caixabenicarlo.es\/blog\/index.php?rest_route=\/wp\/v2\/posts\/450\/revisions"}],"predecessor-version":[{"id":822,"href":"https:\/\/caixabenicarlo.es\/blog\/index.php?rest_route=\/wp\/v2\/posts\/450\/revisions\/822"}],"wp:featuredmedia":[{"embeddable":true,"href":"https:\/\/caixabenicarlo.es\/blog\/index.php?rest_route=\/wp\/v2\/media\/451"}],"wp:attachment":[{"href":"https:\/\/caixabenicarlo.es\/blog\/index.php?rest_route=%2Fwp%2Fv2%2Fmedia&parent=450"}],"wp:term":[{"taxonomy":"category","embeddable":true,"href":"https:\/\/caixabenicarlo.es\/blog\/index.php?rest_route=%2Fwp%2Fv2%2Fcategories&post=450"},{"taxonomy":"post_tag","embeddable":true,"href":"https:\/\/caixabenicarlo.es\/blog\/index.php?rest_route=%2Fwp%2Fv2%2Ftags&post=450"}],"curies":[{"name":"wp","href":"https:\/\/api.w.org\/{rel}","templated":true}]}}