{"id":462,"date":"2019-03-20T23:19:42","date_gmt":"2019-03-20T23:19:42","guid":{"rendered":"https:\/\/caixabenicarlo.es\/blog\/?p=462"},"modified":"2021-09-27T07:12:12","modified_gmt":"2021-09-27T07:12:12","slug":"conclouen-les-dos-beques-de-caixa-benicarlo-per-digitalitzar-el-seu-fons-documental-i-catalogar-el-seu-fons-artistic","status":"publish","type":"post","link":"https:\/\/caixabenicarlo.es\/blog\/?p=462","title":{"rendered":"Conclouen les beques per digitalitzar el fons documental i catalogar el fons art\u00edstic de Caixa Benicarl\u00f3"},"content":{"rendered":"<p>La Fundaci\u00f3 Caixa Benicarl\u00f3 presentar\u00e0 el proper divendres 29 de mar\u00e7&nbsp; els \u00faltims treballs de digitalitzaci\u00f3 del seu Fons Documental, a trav\u00e9s del conveni de col\u00b7laboraci\u00f3 amb la Fundaci\u00f3 Universitat Jaume I-Empresa de Castell\u00f3 (FUE-UJI). La benicarlanda Azahara L\u00f3pez, de 26 anys, graduada en Hist\u00f2ria i Patrimoni, ha estat becada per portar a terme esta important tasca, mitjan\u00e7ant la qual s\u2019han digitalitzat les revistes \u201cBenicarl\u00f3 al d\u00eda\u201d (del 1988 al 1994) i els exemplars del \u201cBenicarl\u00f3 cr\u00f3nica\u201d de 1987 a 1988.<\/p>\n<p>Azahara L\u00f3pez ha avan\u00e7at que <em>\u201cla digitalitzaci\u00f3 d\u2019estes publicacions m\u2019ha perm\u00e8s con\u00e8ixer, tan les revistes sobre les quals he treballat com molts aspectes del nostre municipi que desconeixia: com estava constru\u00eft, com ha evolucionat\u2026\u201d.<\/em><\/p>\n<p><img loading=\"lazy\" class=\"alignnone size-full wp-image-463\" src=\"https:\/\/caixabenicarlo.es\/blog\/wp-content\/uploads\/2019\/03\/20181219_170255.jpg\" alt=\"\" width=\"987\" height=\"740\" srcset=\"https:\/\/caixabenicarlo.es\/blog\/wp-content\/uploads\/2019\/03\/20181219_170255.jpg 987w, https:\/\/caixabenicarlo.es\/blog\/wp-content\/uploads\/2019\/03\/20181219_170255-300x225.jpg 300w, https:\/\/caixabenicarlo.es\/blog\/wp-content\/uploads\/2019\/03\/20181219_170255-768x576.jpg 768w\" sizes=\"(max-width: 709px) 85vw, (max-width: 909px) 67vw, (max-width: 1362px) 62vw, 840px\" \/><\/p>\n<p>En la presentaci\u00f3 del divendres 29 de mar\u00e7 a les 19 hores en el sal\u00f3 social de la Fundaci\u00f3 Caixa Benicarl\u00f3 tamb\u00e9 hi estaran presents la directora de l\u2019Arxiu de General de la Biblioteca UJI, Lid\u00f3n Par\u00eds Folch, i el secretari de la Fundaci\u00f3 Caixa Benicarl\u00f3, \u00c0ngel Gallego.<\/p>\n<p><strong>Fons art\u00edstic<\/strong><\/p>\n<p>L\u2019altra beca que ha posat en marxa Caixa Benicarl\u00f3 ha estat la destinada a catalogar les obres d\u2019art conservades en la pr\u00f2pia fundaci\u00f3. Ha tingut una durada de 4 mesos i ha anat a c\u00e0rrec de la jove llicenciada en Belles Arts, Mireia \u00c1vila. Mireia, que t\u00e9 de 26 anys, i actualment est\u00e0 cursant el doctorat en la UPV, ha explicat: <em>\u201cla meua feina ha consistit en catalogar tot els fons art\u00edstic des de 1982, comptabilitzar i fer inventari, i a partir d\u2019aix\u00f2, traure un cat\u00e0leg intern i extern. La majoria d\u2019estes obres d\u2019art s\u00f3n pintura (olis i acr\u00edlics), tot i que tamb\u00e9 hi ha dibuix, escultura i algunes fotografies\u201d.<\/em><\/p>\n<p><img loading=\"lazy\" class=\"alignnone size-full wp-image-464\" src=\"https:\/\/caixabenicarlo.es\/blog\/wp-content\/uploads\/2019\/03\/20181219_165144.jpg\" alt=\"\" width=\"987\" height=\"740\" srcset=\"https:\/\/caixabenicarlo.es\/blog\/wp-content\/uploads\/2019\/03\/20181219_165144.jpg 987w, https:\/\/caixabenicarlo.es\/blog\/wp-content\/uploads\/2019\/03\/20181219_165144-300x225.jpg 300w, https:\/\/caixabenicarlo.es\/blog\/wp-content\/uploads\/2019\/03\/20181219_165144-768x576.jpg 768w\" sizes=\"(max-width: 709px) 85vw, (max-width: 909px) 67vw, (max-width: 1362px) 62vw, 840px\" \/><\/p>\n","protected":false},"excerpt":{"rendered":"<p>La Fundaci\u00f3 Caixa Benicarl\u00f3 presentar\u00e0 el proper divendres 29 de mar\u00e7&nbsp; els \u00faltims treballs de digitalitzaci\u00f3 del seu Fons Documental, a trav\u00e9s del conveni de col\u00b7laboraci\u00f3 amb la Fundaci\u00f3 Universitat Jaume I-Empresa de Castell\u00f3 (FUE-UJI). La benicarlanda Azahara L\u00f3pez, de 26 anys, graduada en Hist\u00f2ria i Patrimoni, ha estat becada per portar a terme esta &hellip; <a href=\"https:\/\/caixabenicarlo.es\/blog\/?p=462\" class=\"more-link\">Continuar leyendo<span class=\"screen-reader-text\"> \u00abConclouen les beques per digitalitzar el fons documental i catalogar el fons art\u00edstic de Caixa Benicarl\u00f3\u00bb<\/span><\/a><\/p>\n","protected":false},"author":2,"featured_media":469,"comment_status":"closed","ping_status":"closed","sticky":false,"template":"","format":"standard","meta":[],"categories":[1],"tags":[],"_links":{"self":[{"href":"https:\/\/caixabenicarlo.es\/blog\/index.php?rest_route=\/wp\/v2\/posts\/462"}],"collection":[{"href":"https:\/\/caixabenicarlo.es\/blog\/index.php?rest_route=\/wp\/v2\/posts"}],"about":[{"href":"https:\/\/caixabenicarlo.es\/blog\/index.php?rest_route=\/wp\/v2\/types\/post"}],"author":[{"embeddable":true,"href":"https:\/\/caixabenicarlo.es\/blog\/index.php?rest_route=\/wp\/v2\/users\/2"}],"replies":[{"embeddable":true,"href":"https:\/\/caixabenicarlo.es\/blog\/index.php?rest_route=%2Fwp%2Fv2%2Fcomments&post=462"}],"version-history":[{"count":6,"href":"https:\/\/caixabenicarlo.es\/blog\/index.php?rest_route=\/wp\/v2\/posts\/462\/revisions"}],"predecessor-version":[{"id":821,"href":"https:\/\/caixabenicarlo.es\/blog\/index.php?rest_route=\/wp\/v2\/posts\/462\/revisions\/821"}],"wp:featuredmedia":[{"embeddable":true,"href":"https:\/\/caixabenicarlo.es\/blog\/index.php?rest_route=\/wp\/v2\/media\/469"}],"wp:attachment":[{"href":"https:\/\/caixabenicarlo.es\/blog\/index.php?rest_route=%2Fwp%2Fv2%2Fmedia&parent=462"}],"wp:term":[{"taxonomy":"category","embeddable":true,"href":"https:\/\/caixabenicarlo.es\/blog\/index.php?rest_route=%2Fwp%2Fv2%2Fcategories&post=462"},{"taxonomy":"post_tag","embeddable":true,"href":"https:\/\/caixabenicarlo.es\/blog\/index.php?rest_route=%2Fwp%2Fv2%2Ftags&post=462"}],"curies":[{"name":"wp","href":"https:\/\/api.w.org\/{rel}","templated":true}]}}