{"id":472,"date":"2019-04-03T15:28:29","date_gmt":"2019-04-03T15:28:29","guid":{"rendered":"https:\/\/caixabenicarlo.es\/blog\/?p=472"},"modified":"2021-09-27T07:11:31","modified_gmt":"2021-09-27T07:11:31","slug":"caixa-benicarlo-amplia-el-seu-fons-documental-amb-premsa-local","status":"publish","type":"post","link":"https:\/\/caixabenicarlo.es\/blog\/?p=472","title":{"rendered":"Caixa Benicarl\u00f3 amplia el seu fons documental amb premsa local"},"content":{"rendered":"<p style=\"font-weight: 400;\">&nbsp;Caixa&nbsp;Benicarl\u00f3 ha presentat l\u2019ampliaci\u00f3 del seu fons documental, que s&#8217;ha dut a terme a trav\u00e9s d&#8217;un conveni de pr\u00e0ctiques amb<a href=\"http:\/\/www.fue.uji.es\/\"> FUE-UJI <\/a>(Fundaci\u00f3n&nbsp;<em><strong>Universitat Jaume I<\/strong><\/em>-Empresa de Castell\u00f3n)&nbsp;i que en esta edici\u00f3 s&#8217;ha centrat en la premsa local. <a href=\"https:\/\/canal56.com\/2019\/03\/benicarlo-presentacio-dels-treballs-de-digitalitzacio-del-fons-documental-jose-palanques-de-la-fundacio-caixa-benicarlo-29-03-2019\/?fbclid=IwAR2D2RwFBOLk_wG5IosXcQ9cLuVf9m2u3v3YtpcdunYkmtlal6kMXL6YVMA\">La presentaci\u00f3 de l&#8217;acte<\/a>, que va tenir lloc el divendres 29 de mar\u00e7 en el sal\u00f3 social de l&#8217;entitat banc\u00e0ria, va anar a c\u00e0rrec del secretari de la Fundaci\u00f3&nbsp;Caixa&nbsp;Benicalr\u00f3, \u00c0ngel Gallego, i de&nbsp;la directora de l\u2019Arxiu General de la Biblioteca UJI, Lid\u00f3n Par\u00eds Folch.<\/p>\n<p style=\"font-weight: 400;\">En total s\u2019incorporen 1067 publicacions noves al fons documental de Caixa Benicarl\u00f3.<em>&nbsp;\u201cDurant 4 mesos la jove&nbsp;<\/em><em>benicarlanda&nbsp;<\/em><em>graduada en Hist\u00f2ria i Patrimoni,&nbsp;<\/em><em>Azahara&nbsp;<\/em><em>L\u00f3pez, ha digitalitzat les publicacions locals: El Ventilador de papel, Benicarl\u00f3 actual, Benicarl\u00f3 cr\u00f3nica, el Diario de Benicarl\u00f3 i Pen\u00edscola, i Benicarl\u00f3 al dia. A trav\u00e9s de la premsa local ens acostem a la hist\u00f2ria de Benicarl\u00f3 i de la nostra comarca, i al trobar-la en internet li podem donar la m\u00e0xima visibilitat\u201d,<\/em>&nbsp;tal com explicava \u00c0ngel Gallego.<\/p>\n<p style=\"font-weight: 400;\">Per la seua banda,&nbsp;Lid\u00f3n Par\u00eds, detallava la import\u00e0ncia d&#8217;este nou material:&nbsp;<em>\u201ces tracta de publicacions de la premsa local i comarcal interessants des del punt de vista de la comunicaci\u00f3, tant per a periodistes, investigadors i p\u00fablic en general. Al mateix temps, analitzant els seus anuncis publicitaris, podem veure l&#8217;evoluci\u00f3 de l\u2019activitat comercial i empresarial de la zona\u201d<\/em>.<\/p>\n<p style=\"font-weight: 400;\">El fons documental de la Fundaci\u00f3 Caixa Benicarl\u00f3 es pot consultar al repositori de la UJI, al que s\u2019accedeix a trav\u00e9s d\u2019un enlla\u00e7 de la p\u00e0gina web de l\u2019entitat banc\u00e0ria&nbsp;<a href=\"https:\/\/www.caixabenicarlo.es\/web\/index.php\/ca\/\" data-saferedirecturl=\"https:\/\/www.google.com\/url?q=https:\/\/www.caixabenicarlo.es\/web\/index.php\/ca\/&amp;source=gmail&amp;ust=1554391147773000&amp;usg=AFQjCNHsVrfL4vMpeaefZt592WYyXYHRmw\">www.caixabenicarlo.es&nbsp;(Obra social-Fons fotogr\u00e0fic Jos\u00e9 Palanques).<\/a><\/p>\n<p><img loading=\"lazy\" class=\"alignnone size-large wp-image-473\" src=\"https:\/\/caixabenicarlo.es\/blog\/wp-content\/uploads\/2019\/04\/20190329_193507-1024x576.jpg\" alt=\"\" width=\"840\" height=\"473\" srcset=\"https:\/\/caixabenicarlo.es\/blog\/wp-content\/uploads\/2019\/04\/20190329_193507-1024x576.jpg 1024w, https:\/\/caixabenicarlo.es\/blog\/wp-content\/uploads\/2019\/04\/20190329_193507-300x169.jpg 300w, https:\/\/caixabenicarlo.es\/blog\/wp-content\/uploads\/2019\/04\/20190329_193507-768x432.jpg 768w, https:\/\/caixabenicarlo.es\/blog\/wp-content\/uploads\/2019\/04\/20190329_193507-1200x675.jpg 1200w\" sizes=\"(max-width: 709px) 85vw, (max-width: 909px) 67vw, (max-width: 1362px) 62vw, 840px\" \/><\/p>\n","protected":false},"excerpt":{"rendered":"<p>&nbsp;Caixa&nbsp;Benicarl\u00f3 ha presentat l\u2019ampliaci\u00f3 del seu fons documental, que s&#8217;ha dut a terme a trav\u00e9s d&#8217;un conveni de pr\u00e0ctiques amb FUE-UJI (Fundaci\u00f3n&nbsp;Universitat Jaume I-Empresa de Castell\u00f3n)&nbsp;i que en esta edici\u00f3 s&#8217;ha centrat en la premsa local. La presentaci\u00f3 de l&#8217;acte, que va tenir lloc el divendres 29 de mar\u00e7 en el sal\u00f3 social de l&#8217;entitat &hellip; <a href=\"https:\/\/caixabenicarlo.es\/blog\/?p=472\" class=\"more-link\">Continuar leyendo<span class=\"screen-reader-text\"> \u00abCaixa Benicarl\u00f3 amplia el seu fons documental amb premsa local\u00bb<\/span><\/a><\/p>\n","protected":false},"author":2,"featured_media":474,"comment_status":"closed","ping_status":"closed","sticky":false,"template":"","format":"standard","meta":[],"categories":[1],"tags":[67],"_links":{"self":[{"href":"https:\/\/caixabenicarlo.es\/blog\/index.php?rest_route=\/wp\/v2\/posts\/472"}],"collection":[{"href":"https:\/\/caixabenicarlo.es\/blog\/index.php?rest_route=\/wp\/v2\/posts"}],"about":[{"href":"https:\/\/caixabenicarlo.es\/blog\/index.php?rest_route=\/wp\/v2\/types\/post"}],"author":[{"embeddable":true,"href":"https:\/\/caixabenicarlo.es\/blog\/index.php?rest_route=\/wp\/v2\/users\/2"}],"replies":[{"embeddable":true,"href":"https:\/\/caixabenicarlo.es\/blog\/index.php?rest_route=%2Fwp%2Fv2%2Fcomments&post=472"}],"version-history":[{"count":3,"href":"https:\/\/caixabenicarlo.es\/blog\/index.php?rest_route=\/wp\/v2\/posts\/472\/revisions"}],"predecessor-version":[{"id":820,"href":"https:\/\/caixabenicarlo.es\/blog\/index.php?rest_route=\/wp\/v2\/posts\/472\/revisions\/820"}],"wp:featuredmedia":[{"embeddable":true,"href":"https:\/\/caixabenicarlo.es\/blog\/index.php?rest_route=\/wp\/v2\/media\/474"}],"wp:attachment":[{"href":"https:\/\/caixabenicarlo.es\/blog\/index.php?rest_route=%2Fwp%2Fv2%2Fmedia&parent=472"}],"wp:term":[{"taxonomy":"category","embeddable":true,"href":"https:\/\/caixabenicarlo.es\/blog\/index.php?rest_route=%2Fwp%2Fv2%2Fcategories&post=472"},{"taxonomy":"post_tag","embeddable":true,"href":"https:\/\/caixabenicarlo.es\/blog\/index.php?rest_route=%2Fwp%2Fv2%2Ftags&post=472"}],"curies":[{"name":"wp","href":"https:\/\/api.w.org\/{rel}","templated":true}]}}