{"id":479,"date":"2019-04-10T14:06:59","date_gmt":"2019-04-10T14:06:59","guid":{"rendered":"https:\/\/caixabenicarlo.es\/blog\/?p=479"},"modified":"2021-09-27T07:11:18","modified_gmt":"2021-09-27T07:11:18","slug":"en-marxa-la-campanya-per-presentar-la-declaracio-de-la-renda-2018","status":"publish","type":"post","link":"https:\/\/caixabenicarlo.es\/blog\/?p=479","title":{"rendered":"En marxa la campanya per presentar la declaraci\u00f3 de la Renda 2018"},"content":{"rendered":"<p><em>Iniciada la campanya de la Renda i Patrimoni 2018, et detallem les dates clau perqu\u00e8 no se&#8217;t passe res i estigues al corrent amb el fisc<\/em><\/p>\n<p>Des del 2 d&#8217;abril ja est\u00e0 en marxa la campanya de la Renda i Patrimoni 2018 per presentar declaracions per tel\u00e8fon i per internet, a trav\u00e9s de la p\u00e0gina web de l&#8217;Ag\u00e8ncia Tribut\u00e0ria.&nbsp;Per retre comptes amb Hisenda, tindrem fins al pr\u00f2xim 1 de juliol, \u00faltim dia per presentar declaracions. Per davant, tres mesos plens de dates clau, que anem a explicar-te detalladament, perqu\u00e8 no se&#8217;t passe res!<\/p>\n<p><strong>Dates clau de la campanya de la Renda i Patrimoni 2018<\/strong><\/p>\n<p><strong><img loading=\"lazy\" class=\"alignnone wp-image-481 aligncenter\" src=\"https:\/\/caixabenicarlo.es\/blog\/wp-content\/uploads\/2019\/04\/2019-Blog-Renda2018.1.jpg\" alt=\"\" width=\"434\" height=\"434\" srcset=\"https:\/\/caixabenicarlo.es\/blog\/wp-content\/uploads\/2019\/04\/2019-Blog-Renda2018.1.jpg 626w, https:\/\/caixabenicarlo.es\/blog\/wp-content\/uploads\/2019\/04\/2019-Blog-Renda2018.1-150x150.jpg 150w, https:\/\/caixabenicarlo.es\/blog\/wp-content\/uploads\/2019\/04\/2019-Blog-Renda2018.1-300x300.jpg 300w\" sizes=\"(max-width: 434px) 85vw, 434px\" \/><\/strong><\/p>\n<p><strong>15 de mar\u00e7: consulta de dades fiscals<\/strong><\/p>\n<p>Podr\u00edem dir que la campanya va arrencar oficiosament el passat dia 15 de mar\u00e7, quan es va obrir el termini perqu\u00e8 els contribuents pogu\u00e9ssem consultar i descarregar les nostres dades fiscals, obtenir el n\u00famero de refer\u00e8ncia -necessari per identificar-nos- i subscriure&#8217;ns a l&#8217;app Ag\u00e8ncia Tribut\u00e0ria.<\/p>\n<p><strong>1 d&#8217;abril: s&#8217;inicia el pla &#8216;Le llamamos&#8217;<\/strong><\/p>\n<p>Fins al 28 de juny, podem sol\u00b7licitar a l&#8217;Ag\u00e8ncia Tribut\u00e0ria que ens cride telef\u00f2nicament, pr\u00e8via cita, mitjan\u00e7ant el Pla &#8216;Le llamamos&#8217;. Esta cita pot gestionar-se per internet, per l&#8217;app o a trav\u00e9s dels seg\u00fcents n\u00fameros de tel\u00e8fon: 901 12 12 24, 91 535 73 26 (autom\u00e0tic), 901 22 33 44 o 91 553 00 71 (atenci\u00f3 personal, de dilluns a divendres, de 9.00 a 19.00 hores).<\/p>\n<p><strong>2 d&#8217;abril: inici de la presentaci\u00f3 declaracions<\/strong><\/p>\n<p>Des del 2 d&#8217;abril s&#8217;inicia el termini per a la modificaci\u00f3 i presentaci\u00f3 de la declaraci\u00f3 de la Renda 2018 per a aquells contribuents que desitgen presentar-la per tel\u00e8fon o per internet (del 2 d&#8217;abril a l&#8217;1 de juliol).<\/p>\n<p><strong>9 de maig: sol\u00b7licitud de cita pr\u00e8via per a atenci\u00f3 en oficines<\/strong><\/p>\n<p>Si prefereixes anar a una de les oficines de l&#8217;Ag\u00e8ncia Tribut\u00e0ria per gestionar la teua declaraci\u00f3, podr\u00e0s sol\u00b7licitar cita pr\u00e8via a partir del dia 9 de maig i fins al 28 de juny. Podr\u00e0s fer-ho per internet, per l&#8217;app o per tel\u00e8fon, trucant als n\u00fameros 901 22 33 44 o 91 553 00 71, de dilluns a divendres, de 9.00 a 19.00 hores.<\/p>\n<p><strong>14 de maig: atenci\u00f3 presencial a oficines<\/strong><\/p>\n<p>Un cop has demanat cita pr\u00e8via, podr\u00e0s rebre atenci\u00f3 presencial a les oficines de l&#8217;Ag\u00e8ncia Tribut\u00e0ria i en altres entitats col\u00b7laboradores per modificar i presentar la declaraci\u00f3 de renda 2018 entre el 14 de maig i l&#8217;1 de juliol.<\/p>\n<p><strong>26 de juny: Data l\u00edmit de domiciliaci\u00f3 banc\u00e0ria de declaracions a ingressar<\/strong><\/p>\n<p>\u00daltim dia per presentar declaracions de renda i patrimoni 2018 amb resultat a ingressar mitjan\u00e7ant domiciliaci\u00f3 banc\u00e0ria.<\/p>\n<p><strong>28 de juny: Finalitza el termini per a sol\u00b7licitar cita pr\u00e8via<\/strong><\/p>\n<p>\u00daltim dia per poder demanar cita pr\u00e8via per rebre atenci\u00f3 telef\u00f2nica o a les oficines.<strong>&nbsp;<\/strong><\/p>\n<p><strong>1 de juliol: Finalitza la campanya<\/strong><\/p>\n<p>L&#8217;1 de juliol \u00e9s l&#8217;\u00faltim dia per presentar la declaraci\u00f3 de renda i patrimoni 2018.<\/p>\n<p><strong>5 de novembre: \u00daltim dia per ingressar el segon termini de Renda<\/strong><\/p>\n<p>Si el resultat de la teva declaraci\u00f3 ha estat a ingressar i decideixes fraccionar el pagament, el 5 de novembre \u00e9s l&#8217;\u00faltim dia per fer l&#8217;ingr\u00e9s del segon termini.<\/p>\n<p>Finalment, t\u2019informem que esta nova campanya de la Renda i Patrimoni 2018 porta amb si <strong>algunes novetats<\/strong> com, per exemple, l&#8217;augment a 14.000 euros de la quantitat m\u00ednima exempta de declarar quan hi ha dos pagadors; l&#8217;exempci\u00f3 de les retencions de prestacions de maternitat i paternitat, o l&#8217;ampliaci\u00f3 de la deducci\u00f3 per fam\u00edlia nombrosa.<\/p>\n","protected":false},"excerpt":{"rendered":"<p>Iniciada la campanya de la Renda i Patrimoni 2018, et detallem les dates clau perqu\u00e8 no se&#8217;t passe res i estigues al corrent amb el fisc Des del 2 d&#8217;abril ja est\u00e0 en marxa la campanya de la Renda i Patrimoni 2018 per presentar declaracions per tel\u00e8fon i per internet, a trav\u00e9s de la p\u00e0gina &hellip; <a href=\"https:\/\/caixabenicarlo.es\/blog\/?p=479\" class=\"more-link\">Continuar leyendo<span class=\"screen-reader-text\"> \u00abEn marxa la campanya per presentar la declaraci\u00f3 de la Renda 2018\u00bb<\/span><\/a><\/p>\n","protected":false},"author":2,"featured_media":480,"comment_status":"closed","ping_status":"closed","sticky":false,"template":"","format":"standard","meta":[],"categories":[4],"tags":[68],"_links":{"self":[{"href":"https:\/\/caixabenicarlo.es\/blog\/index.php?rest_route=\/wp\/v2\/posts\/479"}],"collection":[{"href":"https:\/\/caixabenicarlo.es\/blog\/index.php?rest_route=\/wp\/v2\/posts"}],"about":[{"href":"https:\/\/caixabenicarlo.es\/blog\/index.php?rest_route=\/wp\/v2\/types\/post"}],"author":[{"embeddable":true,"href":"https:\/\/caixabenicarlo.es\/blog\/index.php?rest_route=\/wp\/v2\/users\/2"}],"replies":[{"embeddable":true,"href":"https:\/\/caixabenicarlo.es\/blog\/index.php?rest_route=%2Fwp%2Fv2%2Fcomments&post=479"}],"version-history":[{"count":5,"href":"https:\/\/caixabenicarlo.es\/blog\/index.php?rest_route=\/wp\/v2\/posts\/479\/revisions"}],"predecessor-version":[{"id":819,"href":"https:\/\/caixabenicarlo.es\/blog\/index.php?rest_route=\/wp\/v2\/posts\/479\/revisions\/819"}],"wp:featuredmedia":[{"embeddable":true,"href":"https:\/\/caixabenicarlo.es\/blog\/index.php?rest_route=\/wp\/v2\/media\/480"}],"wp:attachment":[{"href":"https:\/\/caixabenicarlo.es\/blog\/index.php?rest_route=%2Fwp%2Fv2%2Fmedia&parent=479"}],"wp:term":[{"taxonomy":"category","embeddable":true,"href":"https:\/\/caixabenicarlo.es\/blog\/index.php?rest_route=%2Fwp%2Fv2%2Fcategories&post=479"},{"taxonomy":"post_tag","embeddable":true,"href":"https:\/\/caixabenicarlo.es\/blog\/index.php?rest_route=%2Fwp%2Fv2%2Ftags&post=479"}],"curies":[{"name":"wp","href":"https:\/\/api.w.org\/{rel}","templated":true}]}}