{"id":487,"date":"2019-04-28T21:45:39","date_gmt":"2019-04-28T21:45:39","guid":{"rendered":"https:\/\/caixabenicarlo.es\/blog\/?p=487"},"modified":"2021-09-27T07:10:58","modified_gmt":"2021-09-27T07:10:58","slug":"caixa-benicarlo-estrena-el-cataleg-del-seu-fons-artistic","status":"publish","type":"post","link":"https:\/\/caixabenicarlo.es\/blog\/?p=487","title":{"rendered":"Caixa Benicarl\u00f3 estrena el cat\u00e0leg del seu fons art\u00edstic"},"content":{"rendered":"<p>La Fundaci\u00f3 Caixa Benicarl\u00f3 va presentar divendres 26 de mar\u00e7 els treballs de catalogaci\u00f3 del seu fons art\u00edstic, que s\u2019han dut a terme mitjan\u00e7ant una beca conjunta amb la Fundaci\u00f3 Universitat Jaume I-Empresa de Castell\u00f3 (FUE-UJI). La llicenciada en Belles Arts per la Universitat Polit\u00e8cnica de Val\u00e8ncia, Mireia \u00c1vila, ha estat l\u2019encarregada d\u2019esta important tasca en la qual s\u2019ha creat un cat\u00e0leg de 217 obres.<\/p>\n<p>El secretari de la Fundaci\u00f3 Caixa Benicarl\u00f3, \u00c0ngel Gallego, va ressaltar en la presentaci\u00f3 que <em>\u201c3 eren els objectius del projecte i que considerem s\u2019han assolit: con\u00e8ixer el tall del fons que es trobava dispers per les nostres instal\u00b7lacions, conservar-lo en les millors condicions possibles per evitar el seu deteriorament, i en tercer lloc, facilitar la seua difusi\u00f3 i coneixement per part del p\u00fablic\u201d.<\/em><\/p>\n<p>La jove benicarlanda Mireia \u00c1vila, encarregada de catalogar les obres d\u2019art conservades en la fundaci\u00f3 Caixa Benicarl\u00f3 des de 1982, va explicar que \u201c<em>en la catalogaci\u00f3 dels fons s\u2019han identificat, classificat i registrat totes les obres. S\u2019ha investigat i descrit totes les circumst\u00e0ncies al voltant de les peces, definint cada fitxa t\u00e8cnica, revisant l\u2019estat de conservaci\u00f3 i proced\u00e8ncia, entre d\u2019altres caracter\u00edstiques. Tamb\u00e9 s\u2019han digitalitzat i incl\u00f2s en el repositori de la UJI i creat una base de dades interna on apareixeran totes les presents i futures adquisicions,&nbsp; donacions o cessions que tinguen lloc en aquesta entitat\u201d.<\/em><\/p>\n<p>En els treballs s\u2019han registrat 6 categories, basant-se en col\u00b7leccions per tipus d\u2019obra. Aix\u00ed, destaquen la col\u00b7lecci\u00f3 dels 21 cartells de la representaci\u00f3 de l\u2019Estel del Collet, o les col\u00b7leccions de dibuix, pintura, fotografia, gr\u00e0fica i escultura. Entre les 217 obres hi ha peces d\u2019artistes com <em>Fernando Peir\u00f3 Coronado, Miquel Pitarch, Vicente Giner, Rosa Soriano, Jorge Borr\u00e1s, Maribel Jovan\u00ed, Inmaculada D\u00edaz o Jos\u00e9 Maria Fibla, entre d\u2019altres.<\/em><\/p>\n<p>Els treballs de catalogaci\u00f3&nbsp; tamb\u00e9 han comptat amb el recolzament del Museu d\u2019Art Contemporani \u00abVicente Aguilera Cerni\u00bb de Vilafam\u00e9s i de la Biblioteca de la UJI,&nbsp; a trav\u00e9s del seu repositori, en l\u2019apartat dedicat a la Fundaci\u00f3 Caixa Benicarl\u00f3: <a href=\"http:\/\/repositori.uji.es\/xmlui\/handle\/10234\/181170\">http:\/\/repositori.uji.es\/xmlui\/handle\/10234\/181170<\/a><\/p>\n<p><img loading=\"lazy\" class=\"alignnone size-large wp-image-489\" src=\"https:\/\/caixabenicarlo.es\/blog\/wp-content\/uploads\/2019\/04\/26042019-14-1024x683.jpg\" alt=\"\" width=\"840\" height=\"560\" srcset=\"https:\/\/caixabenicarlo.es\/blog\/wp-content\/uploads\/2019\/04\/26042019-14-1024x683.jpg 1024w, https:\/\/caixabenicarlo.es\/blog\/wp-content\/uploads\/2019\/04\/26042019-14-300x200.jpg 300w, https:\/\/caixabenicarlo.es\/blog\/wp-content\/uploads\/2019\/04\/26042019-14-768x512.jpg 768w, https:\/\/caixabenicarlo.es\/blog\/wp-content\/uploads\/2019\/04\/26042019-14-1200x800.jpg 1200w\" sizes=\"(max-width: 709px) 85vw, (max-width: 909px) 67vw, (max-width: 1362px) 62vw, 840px\" \/><\/p>\n<p><img loading=\"lazy\" class=\"alignnone size-large wp-image-490\" src=\"https:\/\/caixabenicarlo.es\/blog\/wp-content\/uploads\/2019\/04\/26042019-6-1024x683.jpg\" alt=\"\" width=\"840\" height=\"560\" srcset=\"https:\/\/caixabenicarlo.es\/blog\/wp-content\/uploads\/2019\/04\/26042019-6-1024x683.jpg 1024w, https:\/\/caixabenicarlo.es\/blog\/wp-content\/uploads\/2019\/04\/26042019-6-300x200.jpg 300w, https:\/\/caixabenicarlo.es\/blog\/wp-content\/uploads\/2019\/04\/26042019-6-768x512.jpg 768w, https:\/\/caixabenicarlo.es\/blog\/wp-content\/uploads\/2019\/04\/26042019-6-1200x800.jpg 1200w\" sizes=\"(max-width: 709px) 85vw, (max-width: 909px) 67vw, (max-width: 1362px) 62vw, 840px\" \/><img loading=\"lazy\" class=\"alignnone size-large wp-image-491\" src=\"https:\/\/caixabenicarlo.es\/blog\/wp-content\/uploads\/2019\/04\/26042019-10-1024x683.jpg\" alt=\"\" width=\"840\" height=\"560\" srcset=\"https:\/\/caixabenicarlo.es\/blog\/wp-content\/uploads\/2019\/04\/26042019-10-1024x683.jpg 1024w, https:\/\/caixabenicarlo.es\/blog\/wp-content\/uploads\/2019\/04\/26042019-10-300x200.jpg 300w, https:\/\/caixabenicarlo.es\/blog\/wp-content\/uploads\/2019\/04\/26042019-10-768x512.jpg 768w, https:\/\/caixabenicarlo.es\/blog\/wp-content\/uploads\/2019\/04\/26042019-10-1200x800.jpg 1200w\" sizes=\"(max-width: 709px) 85vw, (max-width: 909px) 67vw, (max-width: 1362px) 62vw, 840px\" \/><img loading=\"lazy\" class=\"alignnone size-large wp-image-492\" src=\"https:\/\/caixabenicarlo.es\/blog\/wp-content\/uploads\/2019\/04\/26042019-7-1024x683.jpg\" alt=\"\" width=\"840\" height=\"560\" srcset=\"https:\/\/caixabenicarlo.es\/blog\/wp-content\/uploads\/2019\/04\/26042019-7-1024x683.jpg 1024w, https:\/\/caixabenicarlo.es\/blog\/wp-content\/uploads\/2019\/04\/26042019-7-300x200.jpg 300w, https:\/\/caixabenicarlo.es\/blog\/wp-content\/uploads\/2019\/04\/26042019-7-768x512.jpg 768w, https:\/\/caixabenicarlo.es\/blog\/wp-content\/uploads\/2019\/04\/26042019-7-1200x800.jpg 1200w\" sizes=\"(max-width: 709px) 85vw, (max-width: 909px) 67vw, (max-width: 1362px) 62vw, 840px\" \/><\/p>\n","protected":false},"excerpt":{"rendered":"<p>La Fundaci\u00f3 Caixa Benicarl\u00f3 va presentar divendres 26 de mar\u00e7 els treballs de catalogaci\u00f3 del seu fons art\u00edstic, que s\u2019han dut a terme mitjan\u00e7ant una beca conjunta amb la Fundaci\u00f3 Universitat Jaume I-Empresa de Castell\u00f3 (FUE-UJI). La llicenciada en Belles Arts per la Universitat Polit\u00e8cnica de Val\u00e8ncia, Mireia \u00c1vila, ha estat l\u2019encarregada d\u2019esta important tasca &hellip; <a href=\"https:\/\/caixabenicarlo.es\/blog\/?p=487\" class=\"more-link\">Continuar leyendo<span class=\"screen-reader-text\"> \u00abCaixa Benicarl\u00f3 estrena el cat\u00e0leg del seu fons art\u00edstic\u00bb<\/span><\/a><\/p>\n","protected":false},"author":2,"featured_media":488,"comment_status":"closed","ping_status":"closed","sticky":false,"template":"","format":"standard","meta":[],"categories":[4,5,1],"tags":[69],"_links":{"self":[{"href":"https:\/\/caixabenicarlo.es\/blog\/index.php?rest_route=\/wp\/v2\/posts\/487"}],"collection":[{"href":"https:\/\/caixabenicarlo.es\/blog\/index.php?rest_route=\/wp\/v2\/posts"}],"about":[{"href":"https:\/\/caixabenicarlo.es\/blog\/index.php?rest_route=\/wp\/v2\/types\/post"}],"author":[{"embeddable":true,"href":"https:\/\/caixabenicarlo.es\/blog\/index.php?rest_route=\/wp\/v2\/users\/2"}],"replies":[{"embeddable":true,"href":"https:\/\/caixabenicarlo.es\/blog\/index.php?rest_route=%2Fwp%2Fv2%2Fcomments&post=487"}],"version-history":[{"count":2,"href":"https:\/\/caixabenicarlo.es\/blog\/index.php?rest_route=\/wp\/v2\/posts\/487\/revisions"}],"predecessor-version":[{"id":818,"href":"https:\/\/caixabenicarlo.es\/blog\/index.php?rest_route=\/wp\/v2\/posts\/487\/revisions\/818"}],"wp:featuredmedia":[{"embeddable":true,"href":"https:\/\/caixabenicarlo.es\/blog\/index.php?rest_route=\/wp\/v2\/media\/488"}],"wp:attachment":[{"href":"https:\/\/caixabenicarlo.es\/blog\/index.php?rest_route=%2Fwp%2Fv2%2Fmedia&parent=487"}],"wp:term":[{"taxonomy":"category","embeddable":true,"href":"https:\/\/caixabenicarlo.es\/blog\/index.php?rest_route=%2Fwp%2Fv2%2Fcategories&post=487"},{"taxonomy":"post_tag","embeddable":true,"href":"https:\/\/caixabenicarlo.es\/blog\/index.php?rest_route=%2Fwp%2Fv2%2Ftags&post=487"}],"curies":[{"name":"wp","href":"https:\/\/api.w.org\/{rel}","templated":true}]}}