{"id":529,"date":"2019-06-09T20:41:39","date_gmt":"2019-06-09T20:41:39","guid":{"rendered":"https:\/\/caixabenicarlo.es\/blog\/?p=529"},"modified":"2021-09-27T07:10:05","modified_gmt":"2021-09-27T07:10:05","slug":"caixa-benicarlo-contribueix-amb-228-000e-en-el-seu-entorn","status":"publish","type":"post","link":"https:\/\/caixabenicarlo.es\/blog\/?p=529","title":{"rendered":"Caixa Benicarl\u00f3 contribueix amb 228.000\u20ac en el seu entorn"},"content":{"rendered":"<p><strong>Caixa Benicarl\u00f3 ha contribu\u00eft en 2018 amb un muntant aproximat de 228.000\u20ac cap a la societat que l\u2019envolta, retornant aix\u00ed una part important del benefici econ\u00f2mic del seu balan\u00e7 econ\u00f2mic cap al progr\u00e9s de la seua gent. Educaci\u00f3, cultura, esport o associacions socials s\u00f3n alguns dels sectors on va adre\u00e7at.<\/strong><\/p>\n<p>L\u2019entitat de cr\u00e8dit cooperatiu que presideix Vicent Par\u00eds t\u00e9 com a objectiu impulsar i motivar el desenvolupament econ\u00f2mic i social de l\u2019economia en diversos \u00e0mbits. Aix\u00ed, tal i com ha destacat el director general de Caixa Benicarl\u00f3, Jos\u00e9 Manuel Gal\u00e1n, <em>\u201c<\/em><em>en 2018 van seguir contribuint a l\u2019educaci\u00f3 des de diferents accions com els 52.860,00\u20ac de la campanya de vals escolars per adquirir llibres de text i material, o els 12.000\u20ac de les beques d\u2019excel\u00b7l\u00e8ncia acad\u00e8mica. De la mateixa manera, Caixa Benicarl\u00f3 obsequiem als escolars de Prim\u00e0ria amb una agenda escolar en valenci\u00e0, la qual cosa comporta una inversi\u00f3 cultural de 6.651,62\u20ac\u201d.<\/em><\/p>\n<p>El patrocini cultural i professional ha sigut tamb\u00e9 una constant de l\u2019entitat financera benicarlanda, sent la contribuci\u00f3 cap a aquestes \u00e0rees d\u2019un muntant de 32.038,71\u20ac. La sensibilitat cap al terreny social de Caixa Benicarl\u00f3 tamb\u00e9 \u00e9s p\u00fablica i not\u00f2ria comptant amb una singular campanya denominada \u201cCaixa Solid\u00e0ria\u201d, a trav\u00e9s de la qual es destinen 10.000\u20ac. Pel que fa a la promoci\u00f3 de la Denominaci\u00f3 d\u2019Origen Protegida \u201cCarxofa de Benicarl\u00f3\u201d, es va destinar una suma econ\u00f2mica de 4.377,48\u20ac.<\/p>\n<p><img loading=\"lazy\" class=\"alignnone size-large wp-image-531\" src=\"https:\/\/caixabenicarlo.es\/blog\/wp-content\/uploads\/2019\/06\/Memoria-anual-2018-caixa-benicarlo1-1024x851.jpg\" alt=\"\" width=\"840\" height=\"698\" srcset=\"https:\/\/caixabenicarlo.es\/blog\/wp-content\/uploads\/2019\/06\/Memoria-anual-2018-caixa-benicarlo1-1024x851.jpg 1024w, https:\/\/caixabenicarlo.es\/blog\/wp-content\/uploads\/2019\/06\/Memoria-anual-2018-caixa-benicarlo1-300x249.jpg 300w, https:\/\/caixabenicarlo.es\/blog\/wp-content\/uploads\/2019\/06\/Memoria-anual-2018-caixa-benicarlo1-768x639.jpg 768w, https:\/\/caixabenicarlo.es\/blog\/wp-content\/uploads\/2019\/06\/Memoria-anual-2018-caixa-benicarlo1-1200x998.jpg 1200w\" sizes=\"(max-width: 709px) 85vw, (max-width: 909px) 67vw, (max-width: 1362px) 62vw, 840px\" \/><\/p>\n<p><img loading=\"lazy\" class=\"alignnone size-large wp-image-532\" src=\"https:\/\/caixabenicarlo.es\/blog\/wp-content\/uploads\/2019\/06\/Memoria-anual-2018-caixa-benicarlo-2-730x1024.jpg\" alt=\"\" width=\"730\" height=\"1024\" srcset=\"https:\/\/caixabenicarlo.es\/blog\/wp-content\/uploads\/2019\/06\/Memoria-anual-2018-caixa-benicarlo-2-730x1024.jpg 730w, https:\/\/caixabenicarlo.es\/blog\/wp-content\/uploads\/2019\/06\/Memoria-anual-2018-caixa-benicarlo-2-214x300.jpg 214w, https:\/\/caixabenicarlo.es\/blog\/wp-content\/uploads\/2019\/06\/Memoria-anual-2018-caixa-benicarlo-2-768x1078.jpg 768w, https:\/\/caixabenicarlo.es\/blog\/wp-content\/uploads\/2019\/06\/Memoria-anual-2018-caixa-benicarlo-2-1200x1684.jpg 1200w\" sizes=\"(max-width: 709px) 85vw, (max-width: 909px) 67vw, (max-width: 984px) 61vw, (max-width: 1362px) 45vw, 600px\" \/><\/p>\n","protected":false},"excerpt":{"rendered":"<p>Caixa Benicarl\u00f3 ha contribu\u00eft en 2018 amb un muntant aproximat de 228.000\u20ac cap a la societat que l\u2019envolta, retornant aix\u00ed una part important del benefici econ\u00f2mic del seu balan\u00e7 econ\u00f2mic cap al progr\u00e9s de la seua gent. Educaci\u00f3, cultura, esport o associacions socials s\u00f3n alguns dels sectors on va adre\u00e7at. L\u2019entitat de cr\u00e8dit cooperatiu que &hellip; <a href=\"https:\/\/caixabenicarlo.es\/blog\/?p=529\" class=\"more-link\">Continuar leyendo<span class=\"screen-reader-text\"> \u00abCaixa Benicarl\u00f3 contribueix amb 228.000\u20ac en el seu entorn\u00bb<\/span><\/a><\/p>\n","protected":false},"author":2,"featured_media":534,"comment_status":"closed","ping_status":"closed","sticky":false,"template":"","format":"standard","meta":[],"categories":[4,5,1],"tags":[71],"_links":{"self":[{"href":"https:\/\/caixabenicarlo.es\/blog\/index.php?rest_route=\/wp\/v2\/posts\/529"}],"collection":[{"href":"https:\/\/caixabenicarlo.es\/blog\/index.php?rest_route=\/wp\/v2\/posts"}],"about":[{"href":"https:\/\/caixabenicarlo.es\/blog\/index.php?rest_route=\/wp\/v2\/types\/post"}],"author":[{"embeddable":true,"href":"https:\/\/caixabenicarlo.es\/blog\/index.php?rest_route=\/wp\/v2\/users\/2"}],"replies":[{"embeddable":true,"href":"https:\/\/caixabenicarlo.es\/blog\/index.php?rest_route=%2Fwp%2Fv2%2Fcomments&post=529"}],"version-history":[{"count":3,"href":"https:\/\/caixabenicarlo.es\/blog\/index.php?rest_route=\/wp\/v2\/posts\/529\/revisions"}],"predecessor-version":[{"id":816,"href":"https:\/\/caixabenicarlo.es\/blog\/index.php?rest_route=\/wp\/v2\/posts\/529\/revisions\/816"}],"wp:featuredmedia":[{"embeddable":true,"href":"https:\/\/caixabenicarlo.es\/blog\/index.php?rest_route=\/wp\/v2\/media\/534"}],"wp:attachment":[{"href":"https:\/\/caixabenicarlo.es\/blog\/index.php?rest_route=%2Fwp%2Fv2%2Fmedia&parent=529"}],"wp:term":[{"taxonomy":"category","embeddable":true,"href":"https:\/\/caixabenicarlo.es\/blog\/index.php?rest_route=%2Fwp%2Fv2%2Fcategories&post=529"},{"taxonomy":"post_tag","embeddable":true,"href":"https:\/\/caixabenicarlo.es\/blog\/index.php?rest_route=%2Fwp%2Fv2%2Ftags&post=529"}],"curies":[{"name":"wp","href":"https:\/\/api.w.org\/{rel}","templated":true}]}}