{"id":591,"date":"2020-03-04T07:19:55","date_gmt":"2020-03-04T07:19:55","guid":{"rendered":"https:\/\/caixabenicarlo.es\/blog\/?p=591"},"modified":"2021-09-27T07:08:06","modified_gmt":"2021-09-27T07:08:06","slug":"viatge-de-convivencia-cooperativa-de-caixa-benicarlo-i-benihort-a-navarra","status":"publish","type":"post","link":"https:\/\/caixabenicarlo.es\/blog\/?p=591","title":{"rendered":"Viatge de conviv\u00e8ncia cooperativa de Caixa Benicarl\u00f3 i Benihort a Navarra"},"content":{"rendered":"<p>El Consell Rector de Caixa Benicarl\u00f3 i de la cooperativa Benihort va fer un viatge de conviv\u00e8ncia cooperativa per terres de Navarra i La Rioja el passat cap de setmana 21, 22 i 23 de febrer. Les localitats escollides en esta ocasi\u00f3 van ser Tudela i Calahorra.<\/p>\n<p>Dins del viatge&nbsp; es va visitar el Centre Hortofrut\u00edcola del Grup AN a Tudela i el centre de processat de quarta gama. Un total de 22 persones, representants de Caixa Benicarl\u00f3 i de Benihort van ser rebuts per la coordinadora d\u2019Activitats i Gesti\u00f3 de Projectes d\u2019esta cooperativa, Eva Aoiz, pel responsable de Comunicaci\u00f3,&nbsp; Jaime Gonz\u00e1lez Obregozo, i pel responsable Comercial, Eduardo D\u00edaz.<\/p>\n<p>El president de Caixa Benicarl\u00f3 i Benihort, Vicent Par\u00eds For\u00e9s, ha valorat esta sortida de conviv\u00e8ncia cooperativa &nbsp;<em>\u201cen la qual agra\u00efm la gran acollida de les cooperatives amfitriones, tant la vin\u00edcola de la Rioja \u201dMarqu\u00e9s de Reinosa\u201d, com del Grup AN, referent en el cooperativisme agroalimentari, format per 160 cooperatives s\u00f2cies, que treballen la producci\u00f3 tradicional, integrada i ecol\u00f2gica de cereals, a m\u00e9s de fruites i hortalisses\u201d.<\/em><\/p>\n<p>Destacar la visita del celler de la Cooperativa Marqu\u00e9s de Reinosa, on els va rebre el president de la cooperativa i, a m\u00e9s, de la Federaci\u00f3 de Cooperatives de la Rioja, FECOAR, Fernando Ezquerro. L\u2019expedici\u00f3 va aprofitar l\u2019estada a Calahorra per con\u00e8ixer altres punts d\u2019inter\u00e8s de Navarra com el museu de la verdura i la visita al local de la Penya Calagurritana, agermanada amb Benicarl\u00f3 mitjan\u00e7ant la falla el Caduf. Finalment l\u2019escapada tamb\u00e9 va incloure una visita guiada al paratge natural de las Bardenas Reales, a la localitat navarresa d\u2019Arguedas.<\/p>\n<p><img loading=\"lazy\" class=\"alignnone size-large wp-image-592\" src=\"https:\/\/caixabenicarlo.es\/blog\/wp-content\/uploads\/2020\/03\/2020-CaixaBenicarlo-Viatge-Cooperatiu-Navarra-1-1024x768.jpg\" alt=\"\" width=\"840\" height=\"630\" srcset=\"https:\/\/caixabenicarlo.es\/blog\/wp-content\/uploads\/2020\/03\/2020-CaixaBenicarlo-Viatge-Cooperatiu-Navarra-1-1024x768.jpg 1024w, https:\/\/caixabenicarlo.es\/blog\/wp-content\/uploads\/2020\/03\/2020-CaixaBenicarlo-Viatge-Cooperatiu-Navarra-1-300x225.jpg 300w, https:\/\/caixabenicarlo.es\/blog\/wp-content\/uploads\/2020\/03\/2020-CaixaBenicarlo-Viatge-Cooperatiu-Navarra-1-768x576.jpg 768w, https:\/\/caixabenicarlo.es\/blog\/wp-content\/uploads\/2020\/03\/2020-CaixaBenicarlo-Viatge-Cooperatiu-Navarra-1.jpg 1080w\" sizes=\"(max-width: 709px) 85vw, (max-width: 909px) 67vw, (max-width: 1362px) 62vw, 840px\" \/><\/p>\n","protected":false},"excerpt":{"rendered":"<p>El Consell Rector de Caixa Benicarl\u00f3 i de la cooperativa Benihort va fer un viatge de conviv\u00e8ncia cooperativa per terres de Navarra i La Rioja el passat cap de setmana 21, 22 i 23 de febrer. Les localitats escollides en esta ocasi\u00f3 van ser Tudela i Calahorra. Dins del viatge&nbsp; es va visitar el Centre &hellip; <a href=\"https:\/\/caixabenicarlo.es\/blog\/?p=591\" class=\"more-link\">Continuar leyendo<span class=\"screen-reader-text\"> \u00abViatge de conviv\u00e8ncia cooperativa de Caixa Benicarl\u00f3 i Benihort a Navarra\u00bb<\/span><\/a><\/p>\n","protected":false},"author":2,"featured_media":593,"comment_status":"closed","ping_status":"closed","sticky":false,"template":"","format":"standard","meta":[],"categories":[4,1],"tags":[78],"_links":{"self":[{"href":"https:\/\/caixabenicarlo.es\/blog\/index.php?rest_route=\/wp\/v2\/posts\/591"}],"collection":[{"href":"https:\/\/caixabenicarlo.es\/blog\/index.php?rest_route=\/wp\/v2\/posts"}],"about":[{"href":"https:\/\/caixabenicarlo.es\/blog\/index.php?rest_route=\/wp\/v2\/types\/post"}],"author":[{"embeddable":true,"href":"https:\/\/caixabenicarlo.es\/blog\/index.php?rest_route=\/wp\/v2\/users\/2"}],"replies":[{"embeddable":true,"href":"https:\/\/caixabenicarlo.es\/blog\/index.php?rest_route=%2Fwp%2Fv2%2Fcomments&post=591"}],"version-history":[{"count":3,"href":"https:\/\/caixabenicarlo.es\/blog\/index.php?rest_route=\/wp\/v2\/posts\/591\/revisions"}],"predecessor-version":[{"id":809,"href":"https:\/\/caixabenicarlo.es\/blog\/index.php?rest_route=\/wp\/v2\/posts\/591\/revisions\/809"}],"wp:featuredmedia":[{"embeddable":true,"href":"https:\/\/caixabenicarlo.es\/blog\/index.php?rest_route=\/wp\/v2\/media\/593"}],"wp:attachment":[{"href":"https:\/\/caixabenicarlo.es\/blog\/index.php?rest_route=%2Fwp%2Fv2%2Fmedia&parent=591"}],"wp:term":[{"taxonomy":"category","embeddable":true,"href":"https:\/\/caixabenicarlo.es\/blog\/index.php?rest_route=%2Fwp%2Fv2%2Fcategories&post=591"},{"taxonomy":"post_tag","embeddable":true,"href":"https:\/\/caixabenicarlo.es\/blog\/index.php?rest_route=%2Fwp%2Fv2%2Ftags&post=591"}],"curies":[{"name":"wp","href":"https:\/\/api.w.org\/{rel}","templated":true}]}}