{"id":598,"date":"2020-03-13T18:12:29","date_gmt":"2020-03-13T18:12:29","guid":{"rendered":"https:\/\/caixabenicarlo.es\/blog\/?p=598"},"modified":"2021-09-27T07:07:48","modified_gmt":"2021-09-27T07:07:48","slug":"caixa-benicarlo-opera-amb-normalitat-davant-limpacte-del-coronavirus","status":"publish","type":"post","link":"https:\/\/caixabenicarlo.es\/blog\/?p=598","title":{"rendered":"Caixa Benicarl\u00f3 opera amb normalitat davant l\u2019impacte del Coronavirus"},"content":{"rendered":"<p>Davant l\u2019impacte del Coronavirus (COVID-19)&nbsp;, Caixa Benicarl\u00f3 comunica que les seues oficines de Benicarl\u00f3, Pen\u00edscola i C\u00e0lig operaran amb normalitat i garantiran el servei a socis i clients en les properes setmanes.<\/p>\n<p>L\u2019equip de l\u2019entitat banc\u00e0ria benicarlanda treballa, en tot moment, seguint les mesures preventives de protecci\u00f3 e higiene que ha em\u00e8s el Ministeri de Sanitat i la Generalitat Valenciana, amb l\u2019objectiu de salvaguardar la salut d\u2019empleats i clients. A m\u00e9s a m\u00e9s, Caixa Benicarl\u00f3 segueix tamb\u00e9 atenta a les indicacions dels consistoris, dels municipis on compta amb delegacions.<\/p>\n<p>Des de l\u2019entitat, el seu director general, Jos\u00e9 Manuel Gal\u00e1n, ha fet una crida a la tranquil\u00b7litat i ha reiterat que <em>\u201cel servei als nostres socis i clients est\u00e0 totalment garantit\u201d.<\/em> Per la seua banda, recomana <em>\u201cacudir al banc nom\u00e9s per fer tr\u00e0mits imprescindibles\u201d <\/em>i aconsella <em>\u201cque s\u2019utilitzen els canals no atesos com els caixers autom\u00e0tics i la banca electr\u00f2nica\u201d.<\/em><\/p>\n<p>D\u2019altra banda, Caixa Benicarl\u00f3 tamb\u00e9 informa que els actes previstos en el seu sal\u00f3 social de l\u2019avinguda Joan Carles I de Benicarl\u00f3 tamb\u00e9 queden ajornats fins que la situaci\u00f3 sanit\u00e0ria ho permetisca.<\/p>\n","protected":false},"excerpt":{"rendered":"<p>Davant l\u2019impacte del Coronavirus (COVID-19)&nbsp;, Caixa Benicarl\u00f3 comunica que les seues oficines de Benicarl\u00f3, Pen\u00edscola i C\u00e0lig operaran amb normalitat i garantiran el servei a socis i clients en les properes setmanes. L\u2019equip de l\u2019entitat banc\u00e0ria benicarlanda treballa, en tot moment, seguint les mesures preventives de protecci\u00f3 e higiene que ha em\u00e8s el Ministeri de &hellip; <a href=\"https:\/\/caixabenicarlo.es\/blog\/?p=598\" class=\"more-link\">Continuar leyendo<span class=\"screen-reader-text\"> \u00abCaixa Benicarl\u00f3 opera amb normalitat davant l\u2019impacte del Coronavirus\u00bb<\/span><\/a><\/p>\n","protected":false},"author":2,"featured_media":600,"comment_status":"closed","ping_status":"closed","sticky":false,"template":"","format":"standard","meta":[],"categories":[1],"tags":[],"_links":{"self":[{"href":"https:\/\/caixabenicarlo.es\/blog\/index.php?rest_route=\/wp\/v2\/posts\/598"}],"collection":[{"href":"https:\/\/caixabenicarlo.es\/blog\/index.php?rest_route=\/wp\/v2\/posts"}],"about":[{"href":"https:\/\/caixabenicarlo.es\/blog\/index.php?rest_route=\/wp\/v2\/types\/post"}],"author":[{"embeddable":true,"href":"https:\/\/caixabenicarlo.es\/blog\/index.php?rest_route=\/wp\/v2\/users\/2"}],"replies":[{"embeddable":true,"href":"https:\/\/caixabenicarlo.es\/blog\/index.php?rest_route=%2Fwp%2Fv2%2Fcomments&post=598"}],"version-history":[{"count":3,"href":"https:\/\/caixabenicarlo.es\/blog\/index.php?rest_route=\/wp\/v2\/posts\/598\/revisions"}],"predecessor-version":[{"id":808,"href":"https:\/\/caixabenicarlo.es\/blog\/index.php?rest_route=\/wp\/v2\/posts\/598\/revisions\/808"}],"wp:featuredmedia":[{"embeddable":true,"href":"https:\/\/caixabenicarlo.es\/blog\/index.php?rest_route=\/wp\/v2\/media\/600"}],"wp:attachment":[{"href":"https:\/\/caixabenicarlo.es\/blog\/index.php?rest_route=%2Fwp%2Fv2%2Fmedia&parent=598"}],"wp:term":[{"taxonomy":"category","embeddable":true,"href":"https:\/\/caixabenicarlo.es\/blog\/index.php?rest_route=%2Fwp%2Fv2%2Fcategories&post=598"},{"taxonomy":"post_tag","embeddable":true,"href":"https:\/\/caixabenicarlo.es\/blog\/index.php?rest_route=%2Fwp%2Fv2%2Ftags&post=598"}],"curies":[{"name":"wp","href":"https:\/\/api.w.org\/{rel}","templated":true}]}}