{"id":617,"date":"2020-04-15T21:01:34","date_gmt":"2020-04-15T21:01:34","guid":{"rendered":"https:\/\/caixabenicarlo.es\/blog\/?p=617"},"modified":"2021-09-27T07:07:16","modified_gmt":"2021-09-27T07:07:16","slug":"suspesa-la-festa-de-sant-isidre-de-benicarlo","status":"publish","type":"post","link":"https:\/\/caixabenicarlo.es\/blog\/?p=617","title":{"rendered":"Suspesa la Festa de Sant Isidre de Benicarl\u00f3"},"content":{"rendered":"<p>A causa de l&#8217;actual situaci\u00f3 de crisi sanit\u00e0ria provocada per la pand\u00e8mia del Coronavirus, i davant l&#8217;Estat d&#8217;Alarma en el qual ens trobem, el Consell Rector de Caixa Benicarl\u00f3 i de Benihort informa que ha decidit suspendre la Jornada de Conviv\u00e8ncia Cooperativa de Sant Isidre 2020.<\/p>\n<p>Tal i com ha destacat el president de l&#8217;entitat, Vicent Par\u00eds For\u00e9s, <em>\u201cla celebraci\u00f3 de la festivitat de Sant Isidre estava prevista per al diumenge 17 de maig, per\u00f2 l&#8217;actual situaci\u00f3 no permetr\u00e0 que es porte endavant, per la qual cosa hem decidit suspendre l&#8217;edici\u00f3 d&#8217;enguany\u201d<\/em>. Par\u00eds ha volgut agrair la implicaci\u00f3 de totes les persones que formen la comissi\u00f3 organitzadora de la festa, aix\u00ed com als assistents.<\/p>\n<p>La festa de Sant Isidre de Benicarl\u00f3 reuneix a m\u00e9s de 1.600 persones en les instal\u00b7lacions de la cooperativa i en ella es ret homenatge als socis jubilats de totes dues entitats benicarlandes.<\/p>\n<p><img loading=\"lazy\" class=\"alignnone size-large wp-image-618\" src=\"https:\/\/caixabenicarlo.es\/blog\/wp-content\/uploads\/2020\/04\/Sant-Isidre-2-1024x683.jpg\" alt=\"\" width=\"840\" height=\"560\" srcset=\"https:\/\/caixabenicarlo.es\/blog\/wp-content\/uploads\/2020\/04\/Sant-Isidre-2-1024x683.jpg 1024w, https:\/\/caixabenicarlo.es\/blog\/wp-content\/uploads\/2020\/04\/Sant-Isidre-2-300x200.jpg 300w, https:\/\/caixabenicarlo.es\/blog\/wp-content\/uploads\/2020\/04\/Sant-Isidre-2-768x512.jpg 768w, https:\/\/caixabenicarlo.es\/blog\/wp-content\/uploads\/2020\/04\/Sant-Isidre-2-1200x800.jpg 1200w, https:\/\/caixabenicarlo.es\/blog\/wp-content\/uploads\/2020\/04\/Sant-Isidre-2.jpg 1599w\" sizes=\"(max-width: 709px) 85vw, (max-width: 909px) 67vw, (max-width: 1362px) 62vw, 840px\" \/><\/p>\n","protected":false},"excerpt":{"rendered":"<p>A causa de l&#8217;actual situaci\u00f3 de crisi sanit\u00e0ria provocada per la pand\u00e8mia del Coronavirus, i davant l&#8217;Estat d&#8217;Alarma en el qual ens trobem, el Consell Rector de Caixa Benicarl\u00f3 i de Benihort informa que ha decidit suspendre la Jornada de Conviv\u00e8ncia Cooperativa de Sant Isidre 2020. Tal i com ha destacat el president de l&#8217;entitat, &hellip; <a href=\"https:\/\/caixabenicarlo.es\/blog\/?p=617\" class=\"more-link\">Continuar leyendo<span class=\"screen-reader-text\"> \u00abSuspesa la Festa de Sant Isidre de Benicarl\u00f3\u00bb<\/span><\/a><\/p>\n","protected":false},"author":2,"featured_media":619,"comment_status":"closed","ping_status":"closed","sticky":false,"template":"","format":"standard","meta":[],"categories":[1],"tags":[70],"_links":{"self":[{"href":"https:\/\/caixabenicarlo.es\/blog\/index.php?rest_route=\/wp\/v2\/posts\/617"}],"collection":[{"href":"https:\/\/caixabenicarlo.es\/blog\/index.php?rest_route=\/wp\/v2\/posts"}],"about":[{"href":"https:\/\/caixabenicarlo.es\/blog\/index.php?rest_route=\/wp\/v2\/types\/post"}],"author":[{"embeddable":true,"href":"https:\/\/caixabenicarlo.es\/blog\/index.php?rest_route=\/wp\/v2\/users\/2"}],"replies":[{"embeddable":true,"href":"https:\/\/caixabenicarlo.es\/blog\/index.php?rest_route=%2Fwp%2Fv2%2Fcomments&post=617"}],"version-history":[{"count":3,"href":"https:\/\/caixabenicarlo.es\/blog\/index.php?rest_route=\/wp\/v2\/posts\/617\/revisions"}],"predecessor-version":[{"id":806,"href":"https:\/\/caixabenicarlo.es\/blog\/index.php?rest_route=\/wp\/v2\/posts\/617\/revisions\/806"}],"wp:featuredmedia":[{"embeddable":true,"href":"https:\/\/caixabenicarlo.es\/blog\/index.php?rest_route=\/wp\/v2\/media\/619"}],"wp:attachment":[{"href":"https:\/\/caixabenicarlo.es\/blog\/index.php?rest_route=%2Fwp%2Fv2%2Fmedia&parent=617"}],"wp:term":[{"taxonomy":"category","embeddable":true,"href":"https:\/\/caixabenicarlo.es\/blog\/index.php?rest_route=%2Fwp%2Fv2%2Fcategories&post=617"},{"taxonomy":"post_tag","embeddable":true,"href":"https:\/\/caixabenicarlo.es\/blog\/index.php?rest_route=%2Fwp%2Fv2%2Ftags&post=617"}],"curies":[{"name":"wp","href":"https:\/\/api.w.org\/{rel}","templated":true}]}}