{"id":654,"date":"2020-06-19T16:11:29","date_gmt":"2020-06-19T16:11:29","guid":{"rendered":"https:\/\/caixabenicarlo.es\/blog\/?p=654"},"modified":"2021-09-27T07:05:47","modified_gmt":"2021-09-27T07:05:47","slug":"la-solidaritat-de-caixa-benicarlo-reparteix-10-000e-entre-13-entitats-socials","status":"publish","type":"post","link":"https:\/\/caixabenicarlo.es\/blog\/?p=654","title":{"rendered":"La solidaritat de Caixa Benicarl\u00f3 reparteix 10.000\u20ac entre 13 entitats socials"},"content":{"rendered":"<p>La crisi socio-sanit\u00e0ria de la Covid-19 no ha evitat que, un any m\u00e9s, Caixa Benicarl\u00f3 haja portat a terme la Campanya Caixa Solid\u00e0ria 2020, mitjan\u00e7ant la qual ha destinat 10.000\u20ac repartits entre 13 entitats socials de la poblaci\u00f3. L\u2019Associaci\u00f3 Espanyola contra el C\u00e0ncer a Benicarl\u00f3 ha estat la beneficiada amb una major donaci\u00f3, en total, 3.019\u20ac.<\/p>\n<p>El director general de Caixa Benicarl\u00f3, Jos\u00e9 Manuel Gal\u00e1n, ha recordat: <em>\u201cla nostra sensibilitat cap al terreny social \u00e9s p\u00fablica i not\u00f2ria comptant amb&nbsp; esta singular&nbsp; campanya&nbsp; denominada&nbsp; \u201cCaixa&nbsp; Solid\u00e0ria\u201d.&nbsp; Mitjan\u00e7ant&nbsp; aquesta&nbsp; particular&nbsp; actuaci\u00f3&nbsp; venim destinant un muntant de 10.000,00 \u20ac, resultant benefici\u00e0ries les entitats que gaudeixen de la predilecci\u00f3 dels socis a trav\u00e9s de l\u2019enquesta dissenyada a aquest efecte<\/em>\u201d.<\/p>\n<p>Aix\u00ed que, tot i que no ha pogut ser de manera presencial, com ve sent habitual, Caixa Benicarl\u00f3 ha fet entrega, dels xecs corresponents a la seua campanya Caixa Solid\u00e0ria que beneficien a 13 associacions benicarlandes. La delegaci\u00f3 a Benicarl\u00f3 de l\u2019Associaci\u00f3 Espanyola contra el C\u00e0ncer ha estat l\u2019entitat que ha obtingut una major quantia de vots, en total 1282, el que supose el 31% dels mateixos.<\/p>\n<p>Les altres 12 associacions beneficiades han estat: Associaci\u00f3 de Familiars de Malalts d\u2019Alzheimer de Benicarl\u00f3 (AFA), Creu Roja Espanyola Assemblea local de Benicarl\u00f3, Fen\u00f2mens Fen\u00f2mens Associaci\u00f3 Discapacitats Intel\u00b7lectuals, Associaci\u00f3 pro persones amb discapacitat intel\u00b7lectual de Benicarl\u00f3 (AFANIAS), CARITAS Interparroquial de Benicarl\u00f3, Associaci\u00f3 de Fibromi\u00e0lgia (AFIVINA), MANS UNIDES Benicarl\u00f3, Associaci\u00f3 de Familiars de residents amb discapacitat ps\u00edquica severa de Benicarl\u00f3 (AFARE), Confederaci\u00f3 Espanyola de Persones amb discapacitat f\u00edsica i org\u00e0nica de Benicarl\u00f3 (COCEMFE), Confer\u00e8ncia de San Vicente de Pa\u00fal, Promoci\u00f3 i Desenvolupament PROYDE i l\u2019Associaci\u00f3-Fundaci\u00f3 Dany Cerebral Adquirit-ATENEU.<\/p>\n<p><img loading=\"lazy\" class=\"alignnone size-large wp-image-656\" src=\"https:\/\/caixabenicarlo.es\/blog\/wp-content\/uploads\/2020\/06\/Caixa-Solidaria-Caixa-Benicarlo-Recuento_2020-1024x776.jpg\" alt=\"\" width=\"840\" height=\"637\" srcset=\"https:\/\/caixabenicarlo.es\/blog\/wp-content\/uploads\/2020\/06\/Caixa-Solidaria-Caixa-Benicarlo-Recuento_2020-1024x776.jpg 1024w, https:\/\/caixabenicarlo.es\/blog\/wp-content\/uploads\/2020\/06\/Caixa-Solidaria-Caixa-Benicarlo-Recuento_2020-300x227.jpg 300w, https:\/\/caixabenicarlo.es\/blog\/wp-content\/uploads\/2020\/06\/Caixa-Solidaria-Caixa-Benicarlo-Recuento_2020-768x582.jpg 768w, https:\/\/caixabenicarlo.es\/blog\/wp-content\/uploads\/2020\/06\/Caixa-Solidaria-Caixa-Benicarlo-Recuento_2020-1200x909.jpg 1200w, https:\/\/caixabenicarlo.es\/blog\/wp-content\/uploads\/2020\/06\/Caixa-Solidaria-Caixa-Benicarlo-Recuento_2020.jpg 1853w\" sizes=\"(max-width: 709px) 85vw, (max-width: 909px) 67vw, (max-width: 1362px) 62vw, 840px\" \/><\/p>\n<p>Des de l&#8217;any 2007, Caixa Benicarl\u00f3 destina part dels seus beneficis a entitats de car\u00e0cter social amb la finalitat d&#8217;ajudar als col\u00b7lectius m\u00e9s desfavorits. La mem\u00f2ria social que cada any elabora l\u2019entitat recull esta actuaci\u00f3 solid\u00e0ria, junt a d\u2019altres desenvolupades, amb la finalitat de que el soci conega i valore la idone\u00eftat de les accions empreses, at\u00e8s que \u00e9s ell la part substantiva que les prop\u00edcia i en nom de qui les apliquen els diferents \u00f2rgans de govern.<\/p>\n<p><img loading=\"lazy\" class=\"alignnone size-large wp-image-657\" src=\"https:\/\/caixabenicarlo.es\/blog\/wp-content\/uploads\/2020\/06\/Caixa-Solidaria-Caixa-Benicarlo-Recuento_2020-2-1024x639.jpg\" alt=\"\" width=\"840\" height=\"524\" srcset=\"https:\/\/caixabenicarlo.es\/blog\/wp-content\/uploads\/2020\/06\/Caixa-Solidaria-Caixa-Benicarlo-Recuento_2020-2-1024x639.jpg 1024w, https:\/\/caixabenicarlo.es\/blog\/wp-content\/uploads\/2020\/06\/Caixa-Solidaria-Caixa-Benicarlo-Recuento_2020-2-300x187.jpg 300w, https:\/\/caixabenicarlo.es\/blog\/wp-content\/uploads\/2020\/06\/Caixa-Solidaria-Caixa-Benicarlo-Recuento_2020-2-768x479.jpg 768w, https:\/\/caixabenicarlo.es\/blog\/wp-content\/uploads\/2020\/06\/Caixa-Solidaria-Caixa-Benicarlo-Recuento_2020-2-1200x749.jpg 1200w, https:\/\/caixabenicarlo.es\/blog\/wp-content\/uploads\/2020\/06\/Caixa-Solidaria-Caixa-Benicarlo-Recuento_2020-2.jpg 1769w\" sizes=\"(max-width: 709px) 85vw, (max-width: 909px) 67vw, (max-width: 1362px) 62vw, 840px\" \/><\/p>\n","protected":false},"excerpt":{"rendered":"<p>La crisi socio-sanit\u00e0ria de la Covid-19 no ha evitat que, un any m\u00e9s, Caixa Benicarl\u00f3 haja portat a terme la Campanya Caixa Solid\u00e0ria 2020, mitjan\u00e7ant la qual ha destinat 10.000\u20ac repartits entre 13 entitats socials de la poblaci\u00f3. L\u2019Associaci\u00f3 Espanyola contra el C\u00e0ncer a Benicarl\u00f3 ha estat la beneficiada amb una major donaci\u00f3, en total, &hellip; <a href=\"https:\/\/caixabenicarlo.es\/blog\/?p=654\" class=\"more-link\">Continuar leyendo<span class=\"screen-reader-text\"> \u00abLa solidaritat de Caixa Benicarl\u00f3 reparteix 10.000\u20ac entre 13 entitats socials\u00bb<\/span><\/a><\/p>\n","protected":false},"author":2,"featured_media":655,"comment_status":"closed","ping_status":"closed","sticky":false,"template":"","format":"standard","meta":[],"categories":[1],"tags":[],"_links":{"self":[{"href":"https:\/\/caixabenicarlo.es\/blog\/index.php?rest_route=\/wp\/v2\/posts\/654"}],"collection":[{"href":"https:\/\/caixabenicarlo.es\/blog\/index.php?rest_route=\/wp\/v2\/posts"}],"about":[{"href":"https:\/\/caixabenicarlo.es\/blog\/index.php?rest_route=\/wp\/v2\/types\/post"}],"author":[{"embeddable":true,"href":"https:\/\/caixabenicarlo.es\/blog\/index.php?rest_route=\/wp\/v2\/users\/2"}],"replies":[{"embeddable":true,"href":"https:\/\/caixabenicarlo.es\/blog\/index.php?rest_route=%2Fwp%2Fv2%2Fcomments&post=654"}],"version-history":[{"count":2,"href":"https:\/\/caixabenicarlo.es\/blog\/index.php?rest_route=\/wp\/v2\/posts\/654\/revisions"}],"predecessor-version":[{"id":801,"href":"https:\/\/caixabenicarlo.es\/blog\/index.php?rest_route=\/wp\/v2\/posts\/654\/revisions\/801"}],"wp:featuredmedia":[{"embeddable":true,"href":"https:\/\/caixabenicarlo.es\/blog\/index.php?rest_route=\/wp\/v2\/media\/655"}],"wp:attachment":[{"href":"https:\/\/caixabenicarlo.es\/blog\/index.php?rest_route=%2Fwp%2Fv2%2Fmedia&parent=654"}],"wp:term":[{"taxonomy":"category","embeddable":true,"href":"https:\/\/caixabenicarlo.es\/blog\/index.php?rest_route=%2Fwp%2Fv2%2Fcategories&post=654"},{"taxonomy":"post_tag","embeddable":true,"href":"https:\/\/caixabenicarlo.es\/blog\/index.php?rest_route=%2Fwp%2Fv2%2Ftags&post=654"}],"curies":[{"name":"wp","href":"https:\/\/api.w.org\/{rel}","templated":true}]}}