{"id":660,"date":"2020-06-25T20:47:08","date_gmt":"2020-06-25T20:47:08","guid":{"rendered":"https:\/\/caixabenicarlo.es\/blog\/?p=660"},"modified":"2021-09-27T07:05:32","modified_gmt":"2021-09-27T07:05:32","slug":"caixa-benicarlo-amplia-el-seu-balanc-un-744-fins-els-300-milions-deuros-en-2019","status":"publish","type":"post","link":"https:\/\/caixabenicarlo.es\/blog\/?p=660","title":{"rendered":"Caixa Benicarl\u00f3 amplia el seu balan\u00e7 un 7,44%, fins els 300 milions d\u2019euros en 2019"},"content":{"rendered":"<p><strong>L\u2019entitat cooperativa renova part dels membres del Consell Rector<\/strong><\/p>\n<p>Caixa Benicarl\u00f3 tanca l\u2019any 2019 amb un resultat net de 1,04 milions d\u2019euros, el que suposa batre, lleugerament, el benefici de l\u2019exercici anterior. L\u2019entitat cooperativa de cr\u00e8dit, que dirigeix Jos\u00e9 Manuel Gal\u00e1n, va donar a con\u00e8ixer aquestes xifres i d\u2019altres d\u2019inter\u00e8s, mitjan\u00e7ant l\u2019Informe Anual 2019 que es va presentar en l\u2019Assemblea General Ordin\u00e0ria, celebrada el dijous 25 de juny al sal\u00f3 social de l\u2019avinguda Joan Carles I de la poblaci\u00f3. Per la crisi sanit\u00e0ria, l\u2019assemblea es va poder seguir tamb\u00e9 online, a trav\u00e9s de la plataforma youtube.<\/p>\n<p><img loading=\"lazy\" class=\"alignnone size-large wp-image-661\" src=\"https:\/\/caixabenicarlo.es\/blog\/wp-content\/uploads\/2020\/06\/caixabenicarl\u00f3-assemblea-grup-ok-1024x599.jpg\" alt=\"\" width=\"840\" height=\"491\" srcset=\"https:\/\/caixabenicarlo.es\/blog\/wp-content\/uploads\/2020\/06\/caixabenicarl\u00f3-assemblea-grup-ok-1024x599.jpg 1024w, https:\/\/caixabenicarlo.es\/blog\/wp-content\/uploads\/2020\/06\/caixabenicarl\u00f3-assemblea-grup-ok-300x176.jpg 300w, https:\/\/caixabenicarlo.es\/blog\/wp-content\/uploads\/2020\/06\/caixabenicarl\u00f3-assemblea-grup-ok-768x449.jpg 768w, https:\/\/caixabenicarlo.es\/blog\/wp-content\/uploads\/2020\/06\/caixabenicarl\u00f3-assemblea-grup-ok-1200x702.jpg 1200w\" sizes=\"(max-width: 709px) 85vw, (max-width: 909px) 67vw, (max-width: 1362px) 62vw, 840px\" \/><\/p>\n<p>El director general de l\u2019entitat, Jos\u00e9 Manuel Gal\u00e1n, va detallar: <em>\u201c<\/em><em>pel que fa a les xifres econ\u00f2miques cal destacar l\u2019abast del balan\u00e7, aconseguint els 300 milions d\u2019euros de total d\u2019actiu, pel creixement en clients i la seua confian\u00e7a, dipositada en Caixa Benicarl\u00f3. A m\u00e9s a m\u00e9s, els resultats d\u20191,04 milions d\u2019euros ens permeten seguir augmentant la nostra solv\u00e8ncia, donar continu\u00eftat al nostre projecte social, permetent-nos fer el que ens agrade, \u00e9s a dir, una banca de persones cap a les persones\u201d.<\/em><\/p>\n<p>El major creixement de l\u2019entitat banc\u00e0ria benicarlanda ha vingut donat de la m\u00e0 dels dip\u00f2sits, superant els 268 milions d\u2019euros. Per\u00f2, a m\u00e9s a m\u00e9s, el balan\u00e7 anual de l\u2019entitat recull altres dades d\u2019inter\u00e8s com l\u2019augment del n\u00famero de clients i socis. &nbsp;Es va tancar el 2019 amb 5.312 socis, el que suposa 182 altes m\u00e9s.<\/p>\n<p>Gal\u00e1n tamb\u00e9 ha ressaltat que <em>\u201cper a la tranquil\u00b7litat dels nostres socis i clients, contem amb una r\u00e0tio de solv\u00e8ncia c\u00f2moda, que pretenem seguir mantenint i augmentant, any rere any, amb la pol\u00edtica de capitalitzaci\u00f3 que destina m\u00e9s del 80% dels seus resultats a reserves.<\/em><\/p>\n<p><img loading=\"lazy\" class=\"alignnone size-large wp-image-664\" src=\"https:\/\/caixabenicarlo.es\/blog\/wp-content\/uploads\/2020\/06\/caixabenicarlo-assemblea-2020-youtube-1024x850.jpeg\" alt=\"\" width=\"840\" height=\"697\" srcset=\"https:\/\/caixabenicarlo.es\/blog\/wp-content\/uploads\/2020\/06\/caixabenicarlo-assemblea-2020-youtube-1024x850.jpeg 1024w, https:\/\/caixabenicarlo.es\/blog\/wp-content\/uploads\/2020\/06\/caixabenicarlo-assemblea-2020-youtube-300x249.jpeg 300w, https:\/\/caixabenicarlo.es\/blog\/wp-content\/uploads\/2020\/06\/caixabenicarlo-assemblea-2020-youtube-768x637.jpeg 768w, https:\/\/caixabenicarlo.es\/blog\/wp-content\/uploads\/2020\/06\/caixabenicarlo-assemblea-2020-youtube.jpeg 1069w\" sizes=\"(max-width: 709px) 85vw, (max-width: 909px) 67vw, (max-width: 1362px) 62vw, 840px\" \/><\/p>\n<p>Al mateix temps, el director general de Caixa Benicarl\u00f3 s\u2019ha referit a l\u2019actual <em>crisi sanit\u00e0ria: \u201csuposa per a Caixa Benicarl\u00f3 un repte important, donat el car\u00e0cter essencial dels serveis financers, en este sentit, des del primer moment hem mantingut el finan\u00e7ament a pimes i aut\u00f2noms i hem prestat servei d\u2019atenci\u00f3 personalitzada en oficines a tots els socis i clients. La profunditat de la crisi ens dir\u00e0 com repercutir\u00e0 a l\u2019economia de la nostra zona qu\u00e8, segurament, tindr\u00e0 una gran afectaci\u00f3 en termes d\u2019atur i tancament d\u2019empreses. Estarem a l\u2019al\u00e7ada i serem generosos, encara que aix\u00f2 ens supose sacrificar algun indicador<\/em> <em>financer, aix\u00f2 si, mantenint sempre la nostra folgada posici\u00f3 de solv\u00e8ncia\u201d.&nbsp;&nbsp;&nbsp;&nbsp;<\/em><\/p>\n<p>Caixa Benicarl\u00f3 emplea a 30 persones en les seues 5 oficines de Benicarl\u00f3, Pen\u00edscola, C\u00e0lig i l\u2019extensi\u00f3 de Cervera. L\u2019entitat exerceix una banca de proximitat i est\u00e0 compromesa en el desenvolupament i progr\u00e9s de la societat que l\u2019envolta. Fruit d\u2019aquesta aposta s\u00f3n els m\u00e9s de 200.000 euros, pressupost social conjunt de l\u2019entitat i la Fundaci\u00f3 Caixa Benicarl\u00f3, per cobrir les accions i ajudes destinades a diferents sectors i associacions, retornant aix\u00ed una part important del benefici econ\u00f2mic del seu balan\u00e7 cap al progr\u00e9s de la seua gent.<\/p>\n<p><img loading=\"lazy\" class=\"alignnone size-large wp-image-668\" src=\"https:\/\/caixabenicarlo.es\/blog\/wp-content\/uploads\/2020\/06\/caixabenicarlo-assemblea-2020-informes-ok-1-1024x575.jpg\" alt=\"\" width=\"840\" height=\"472\" srcset=\"https:\/\/caixabenicarlo.es\/blog\/wp-content\/uploads\/2020\/06\/caixabenicarlo-assemblea-2020-informes-ok-1-1024x575.jpg 1024w, https:\/\/caixabenicarlo.es\/blog\/wp-content\/uploads\/2020\/06\/caixabenicarlo-assemblea-2020-informes-ok-1-300x169.jpg 300w, https:\/\/caixabenicarlo.es\/blog\/wp-content\/uploads\/2020\/06\/caixabenicarlo-assemblea-2020-informes-ok-1-768x432.jpg 768w, https:\/\/caixabenicarlo.es\/blog\/wp-content\/uploads\/2020\/06\/caixabenicarlo-assemblea-2020-informes-ok-1-1200x674.jpg 1200w\" sizes=\"(max-width: 709px) 85vw, (max-width: 909px) 67vw, (max-width: 1362px) 62vw, 840px\" \/><\/p>\n<p><strong>Renovaci\u00f3 del consell<\/strong><\/p>\n<p>A la pr\u00f2pia Assemblea es va procedir a la renovaci\u00f3 parcial del Consell Rector, ratificant-se la candidatura proposada, en la que incorpora tres membres nous i altres tres renoven per a una nova legislatura. Despr\u00e9s de l\u2019assemblea, es va celebrar una reuni\u00f3 del propi Consell Rector en la que van designar-se els c\u00e0rrecs entre els que destaca el President de l\u2019entitat, Vicent Par\u00eds For\u00e9s, qui va ser confirmat per continuar en el c\u00e0rrec de President de l\u2019entitat i de la Fundaci\u00f3 Caixa Benicarl\u00f3 per un nou per\u00edode de quatre anys.<\/p>\n<p><img loading=\"lazy\" class=\"alignnone size-large wp-image-663\" src=\"https:\/\/caixabenicarlo.es\/blog\/wp-content\/uploads\/2020\/06\/caixabenicarlo-assemblea-2020-vista-1024x461.jpg\" alt=\"\" width=\"840\" height=\"378\" srcset=\"https:\/\/caixabenicarlo.es\/blog\/wp-content\/uploads\/2020\/06\/caixabenicarlo-assemblea-2020-vista-1024x461.jpg 1024w, https:\/\/caixabenicarlo.es\/blog\/wp-content\/uploads\/2020\/06\/caixabenicarlo-assemblea-2020-vista-300x135.jpg 300w, https:\/\/caixabenicarlo.es\/blog\/wp-content\/uploads\/2020\/06\/caixabenicarlo-assemblea-2020-vista-768x346.jpg 768w, https:\/\/caixabenicarlo.es\/blog\/wp-content\/uploads\/2020\/06\/caixabenicarlo-assemblea-2020-vista-1200x540.jpg 1200w\" sizes=\"(max-width: 709px) 85vw, (max-width: 909px) 67vw, (max-width: 1362px) 62vw, 840px\" \/><\/p>\n","protected":false},"excerpt":{"rendered":"<p>L\u2019entitat cooperativa renova part dels membres del Consell Rector Caixa Benicarl\u00f3 tanca l\u2019any 2019 amb un resultat net de 1,04 milions d\u2019euros, el que suposa batre, lleugerament, el benefici de l\u2019exercici anterior. L\u2019entitat cooperativa de cr\u00e8dit, que dirigeix Jos\u00e9 Manuel Gal\u00e1n, va donar a con\u00e8ixer aquestes xifres i d\u2019altres d\u2019inter\u00e8s, mitjan\u00e7ant l\u2019Informe Anual 2019 que &hellip; <a href=\"https:\/\/caixabenicarlo.es\/blog\/?p=660\" class=\"more-link\">Continuar leyendo<span class=\"screen-reader-text\"> \u00abCaixa Benicarl\u00f3 amplia el seu balan\u00e7 un 7,44%, fins els 300 milions d\u2019euros en 2019\u00bb<\/span><\/a><\/p>\n","protected":false},"author":2,"featured_media":665,"comment_status":"closed","ping_status":"closed","sticky":false,"template":"","format":"standard","meta":[],"categories":[1],"tags":[],"_links":{"self":[{"href":"https:\/\/caixabenicarlo.es\/blog\/index.php?rest_route=\/wp\/v2\/posts\/660"}],"collection":[{"href":"https:\/\/caixabenicarlo.es\/blog\/index.php?rest_route=\/wp\/v2\/posts"}],"about":[{"href":"https:\/\/caixabenicarlo.es\/blog\/index.php?rest_route=\/wp\/v2\/types\/post"}],"author":[{"embeddable":true,"href":"https:\/\/caixabenicarlo.es\/blog\/index.php?rest_route=\/wp\/v2\/users\/2"}],"replies":[{"embeddable":true,"href":"https:\/\/caixabenicarlo.es\/blog\/index.php?rest_route=%2Fwp%2Fv2%2Fcomments&post=660"}],"version-history":[{"count":3,"href":"https:\/\/caixabenicarlo.es\/blog\/index.php?rest_route=\/wp\/v2\/posts\/660\/revisions"}],"predecessor-version":[{"id":800,"href":"https:\/\/caixabenicarlo.es\/blog\/index.php?rest_route=\/wp\/v2\/posts\/660\/revisions\/800"}],"wp:featuredmedia":[{"embeddable":true,"href":"https:\/\/caixabenicarlo.es\/blog\/index.php?rest_route=\/wp\/v2\/media\/665"}],"wp:attachment":[{"href":"https:\/\/caixabenicarlo.es\/blog\/index.php?rest_route=%2Fwp%2Fv2%2Fmedia&parent=660"}],"wp:term":[{"taxonomy":"category","embeddable":true,"href":"https:\/\/caixabenicarlo.es\/blog\/index.php?rest_route=%2Fwp%2Fv2%2Fcategories&post=660"},{"taxonomy":"post_tag","embeddable":true,"href":"https:\/\/caixabenicarlo.es\/blog\/index.php?rest_route=%2Fwp%2Fv2%2Ftags&post=660"}],"curies":[{"name":"wp","href":"https:\/\/api.w.org\/{rel}","templated":true}]}}