{"id":670,"date":"2020-07-03T15:39:08","date_gmt":"2020-07-03T15:39:08","guid":{"rendered":"https:\/\/caixabenicarlo.es\/blog\/?p=670"},"modified":"2021-09-27T07:05:06","modified_gmt":"2021-09-27T07:05:06","slug":"quines-novetats-ens-trobem-als-mercats-davant-la-nova-normalitat","status":"publish","type":"post","link":"https:\/\/caixabenicarlo.es\/blog\/?p=670","title":{"rendered":"Quines novetats ens trobem als mercats davant la \u201cnova normalitat\u201d?"},"content":{"rendered":"<p>Ens trobem en l&#8217;etapa de la \u00abnova normalitat\u00bb. Han passat m\u00e9s de 100 dies des que es van adoptar les mesures de confinament i restricci\u00f3 de l&#8217;activitat per intentar contenir la pand\u00e8mia causada pel coronavirus Covid-19. La fi de l&#8217;Estat d&#8217;Alarma a Espanya i la reobertura de les fronteres amb la UE apunten a una reactivaci\u00f3 gradual de l&#8217;activitat econ\u00f2mica, tot i que encara trobem moltes incerteses en l&#8217;\u00e0mbit sanitari i en l&#8217;econ\u00f2mic.<\/p>\n<p><strong>Situaci\u00f3 actual de la pand\u00e8mia<\/strong><\/p>\n<p>Amb gaireb\u00e9 11 milions d&#8217;infectats al m\u00f3n, 521.355 morts i 5.767.410 de persones recuperades, la pand\u00e8mia est\u00e0 lluny de ser controlada a nivell mundial. De fet, el nombre de nous casos creix cada dia.<\/p>\n<p>A Europa, el virus est\u00e0 m\u00e9s controlat, tot i que es mant\u00e9 en alerta davant el risc de rebrots. El focus de l&#8217;epid\u00e8mia s&#8217;ha traslladat a Am\u00e8rica, centrant-se en Estats Units i el Brasil, els pa\u00efsos amb m\u00e9s contagis en els \u00faltims dies.<\/p>\n<p>El volum de recursos destinats a combatre el virus a nivell mundial, tant des de l&#8217;\u00e0mbit p\u00fablic com privat, no t\u00e9 precedents. El descobriment d&#8217;un tractament efectiu contra el coronavirus o una vacuna que es puga aplicar de forma massiva, canviaria definitivament l&#8217;escenari, tot i que les successives fases per les que passe el proc\u00e9s de creaci\u00f3 de la vacuna, fan que siga dif\u00edcil preveure que disposem d&#8217;ella a curt termini.<\/p>\n<p>El major risc al qual s&#8217;enfronten actualment les economies, \u00e9s el d&#8217;un rebrot de virus, de tal magnitud, que exigeixi tornar a el confinament, de manera que la recuperaci\u00f3 econ\u00f2mica est\u00e0 lligada a l&#8217;evoluci\u00f3 de la pand\u00e8mia.<\/p>\n<p><strong>Recuperaci\u00f3 desigual<\/strong><\/p>\n<p>No totes les economies estan implementant les mateixes mesures ni estan anant al mateix ritme, de manera que, l&#8217;impacte de la crisi ser\u00e0 asim\u00e8tric per pa\u00efsos. Les pol\u00edtiques expansives adoptades pels governs incrementaran els d\u00e8ficits p\u00fablics de forma notable. Aquells pa\u00efsos m\u00e9s endeutats patiran m\u00e9s, i la seva recuperaci\u00f3 ser\u00e0 m\u00e9s complicada perqu\u00e8 el seu marge de maniobra \u00e9s m\u00e9s limitat.<\/p>\n<p>En tot cas, el ritme de la recuperaci\u00f3 econ\u00f2mica vindr\u00e0 determinat en bona mesura per l&#8217;evoluci\u00f3 que experimente la demanda interna i a Europa Occidental aquest ep\u00edgraf t\u00e9 un pes de el 70% de l&#8217;PIB.<\/p>\n<p>Una not\u00edcia molt positiva a Europa ha estat l&#8217;anunci del Fons de Reconstrucci\u00f3 Europeu, amb un volum de 750.000 milions d&#8217;euros. l&#8217;aprovaci\u00f3 de la qual esperem que siga aprovada per tots els estats membres amb les menors modificacions possibles. Com sabeu, els pa\u00efsos m\u00e9s perjudicats per la pand\u00e8mia, com It\u00e0lia i Espanya, s\u00f3n els que rebrien la major part dels subsidis. A m\u00e9s, l&#8217;acc\u00e9s a aquests fons estar\u00e0 subjecte a condicions i a un seguiment de l&#8217;acompliment de les reformes, que a mitj\u00e0 termini afavoreixin el creixement econ\u00f2mic.<\/p>\n<p>El BCE, per la seva banda, amb l&#8217;objectiu d&#8217;estimular el consum i ajudar a la recuperaci\u00f3 econ\u00f2mica, ha augmentat la compra d&#8217;actius en els dos principals programes que t\u00e9 actualment en funcionament: 120.000 milions en el Programa de Compra d&#8217;Actius i 600.000 milions de euros fins als 1,35 bilions en el Programa de Compres per la Emerg\u00e8ncia de la Pand\u00e8mia.<\/p>\n<p>La r\u00e0pida resposta dels bancs centrals i els governs, ha fet que els mercats s&#8217;hagen recuperat dels m\u00ednims des del mar\u00e7, per\u00f2 aquesta pujada tan vertical estaria descomptant una recuperaci\u00f3 en V de l&#8217;economia que, a dia d&#8217;avui, sembla poc probable.<\/p>\n<p><img loading=\"lazy\" class=\"alignnone size-full wp-image-671\" src=\"https:\/\/caixabenicarlo.es\/blog\/wp-content\/uploads\/2020\/07\/Situacion-de-los-mercados.jpg\" alt=\"\" width=\"305\" height=\"130\" srcset=\"https:\/\/caixabenicarlo.es\/blog\/wp-content\/uploads\/2020\/07\/Situacion-de-los-mercados.jpg 305w, https:\/\/caixabenicarlo.es\/blog\/wp-content\/uploads\/2020\/07\/Situacion-de-los-mercados-300x128.jpg 300w\" sizes=\"(max-width: 305px) 85vw, 305px\" \/><\/p>\n<p><strong>Qu\u00e8 esperem a nivell macroecon\u00f2mic &#8230;<\/strong><\/p>\n<p>Ens enfrontem a una recessi\u00f3 profunda en l&#8217;economia amb caigudes de l&#8217;PIB a nivell mundial. En el seu informe de juny, en comparaci\u00f3 amb el pron\u00f2stic d&#8217;abril de Perspectives de l&#8217;economia mundial (informe WEO, per les sigles en angl\u00e8s), l\u2019FMI pronostica una recessi\u00f3 mundial m\u00e9s profunda en 2020 i una recuperaci\u00f3 m\u00e9s lenta en 2021. Es preveu que el producte mundial disminuir\u00e0 4,9 % el 2020 -o sigui, 1,9 punts percentuals menys que el projectat a l&#8217;abril- i que estar\u00e0 seguit d&#8217;una recuperaci\u00f3 parcial, amb un creixement de 5,4% el 2021.<\/p>\n<p>El BCE ha actualitzat tamb\u00e9 les seves previsions econ\u00f2miques i espera que el PIB de la zona euro es contregui un 8,7% el 2020, per recuperar al voltant d&#8217;un 5% el 2021, per\u00f2 aquest repunt estaria condicionat a l&#8217;\u00e8xit dels governs en la contenci\u00f3 de virus i a l&#8217;efectivitat de les mesures preses per donar suport l&#8217;economia.<\/p>\n<p>Les dades a Espanya s\u00f3n menys favorables, segons el Banc d&#8217;Espanya s&#8217;espera una contracci\u00f3 de l&#8217;PIB espanyol fins al 11,6% per a aquest any, a causa de l&#8217;exposici\u00f3 de la nostra economia a el sector serveis, especialment al turisme, que comportar\u00e0 una recuperaci\u00f3 m\u00e9s lenta que en el conjunt de la zona euro.<\/p>\n<p>\u00c9s aviat per calibrar l&#8217;abast de la recessi\u00f3 actual, de manera que som cauts davant la recuperaci\u00f3 que estem veient a les borses, ja que les previsions de beneficis de les companyies estan envoltades d&#8217;incertesa i el seu reflex en la seva valoraci\u00f3 tamb\u00e9 ha de prendre amb cautela. Segons la nostra opini\u00f3, hem de seguir sent prudents, m\u00e9s quan les companyies tamb\u00e9 es mostren contingudes en les seves estimacions de beneficis.<\/p>\n<p>A tot aix\u00f2 s&#8217;afegeix l&#8217;increment de la tensi\u00f3 entre els Estats Units i la Xina, al qual estem assistint en aquestes \u00faltimes setmanes i que, de moment, el mercat est\u00e0 obviant, per\u00f2 en qualsevol moment podria provocar una correcci\u00f3 o una consolidaci\u00f3 de nivells despr\u00e9s d&#8217;aquesta forta pujada.<\/p>\n<p>Per tot aix\u00f2, insistim en tenir carteres diversificades, que \u00e9s la millor manera d&#8217;atenuar les possibles retallades, sense renunciar a les pujades, centrant-nos en companyies de qualitat, amb baixos nivells de deute i amb important generaci\u00f3 de caixa de forma recurrent.<\/p>\n<p><strong>Les tend\u00e8ncies que han vingut per quedar-se &#8230;<\/strong><\/p>\n<p>La Covid-19 ha portat canvis en els comportaments dels consumidors que es preveuen duradors i l&#8217;increment de l&#8217;\u00fas de la tecnologia \u00e9s un d&#8217;ells. Els patrons de consum despr\u00e9s del confinament, afavoreixen el desenvolupament de la digitalitzaci\u00f3, que s&#8217;aplica a sectors tan diversos com la distribuci\u00f3, alimentaci\u00f3, salut o entreteniment.<\/p>\n<p>Una altra de les tend\u00e8ncies que surt enfortida d&#8217;aquesta crisi \u00e9s la Sostenibilitat. Els criteris ambientals, socials i de bon govern cada vegada tenen m\u00e9s import\u00e0ncia per als inversors. De fet, el pressupost de la Uni\u00f3 Europea en el pla 2021-2027, vincula 1,85 bilions d&#8217;euros a l&#8217;economia sostenible. Les inversions sostenibles s\u00f3n una tend\u00e8ncia que s&#8217;est\u00e0 consolidant a Europa i l&#8217;inter\u00e8s per aquest tipus d&#8217;inversions es va a incrementar.<\/p>\n<p>El sector salut ha demostrat ser un dels m\u00e9s rellevants, actuant durant aquest per\u00edode com a valor refugi. A dia d&#8217;avui segueix mostrant un major creixement, impulsat per les tend\u00e8ncies demogr\u00e0fiques, com l&#8217;envelliment de la poblaci\u00f3 en la major part dels pa\u00efsos occidentals, o els aven\u00e7os cient\u00edfics. A m\u00e9s, la creixent preocupaci\u00f3 de la societat per la salut, impulsar\u00e0 el desenvolupament d&#8217;aquest sector, i concedir\u00e0 una superioritat estrat\u00e8gica als pa\u00efsos amb millor tecnologia i capacitat innovadora.<\/p>\n<p>Tamb\u00e9 esperem que augmenten les inversions mediambientals i en energies renovables, a l&#8217;igual que la de productes i serveis que contribueixin a un m\u00f3n m\u00e9s net i eficient.<\/p>\n<p>La visi\u00f3 de construir, entre tots, un m\u00f3n m\u00e9s sostenible, ha anat calant a poc a poc en la societat: els millennials aspiren a treballar per un m\u00f3n millor, els governs llancen regulacions que obliguen a les empreses a reportar informaci\u00f3 m\u00e9s enll\u00e0 de la financera , i tamb\u00e9 les empreses integren en el seu discurs la sostenibilitat.<\/p>\n<p><strong>La gesti\u00f3 en els nostres fons &#8230;<\/strong><\/p>\n<p>En l&#8217;actual entorn de mercat, la caiguda dels tipus d&#8217;inter\u00e8s, la contracci\u00f3 econ\u00f2mica i la incertesa, representen desafiaments importants i aquest \u00e9s el moment d&#8217;ampliar l&#8217;horitz\u00f3 d&#8217;inversi\u00f3 i buscar alternatives.<\/p>\n<p>En Gescooperativo intentem buscar companyies generadores de caixa de forma consistent, amb balan\u00e7os solvents, i aix\u00f2 ho trobem en el sector tecnol\u00f2gic, en el que a dia d&#8217;avui estem sobreponderats en la majoria dels nostres fons.<\/p>\n<p>Actualment tenim una posici\u00f3 de liquiditat mica superior a l&#8217;habitual per aprofitar la volatilitat t\u00edpica de el per\u00edode estival. En els fons de renda fixa, el major pes de la inversi\u00f3 es troba en deute p\u00fablic espanyol; en els fons mixtos, s&#8217;ha redu\u00eft l&#8217;exposici\u00f3 a <em>high yield<\/em>, i tamb\u00e9 s&#8217;han redu\u00eft les durades de les carteres de renda fixa.<\/p>\n<p>Quant als nostres fons mixtos conservadors, estan evolucionant raonablement b\u00e9, especialment els mixtos internacionals. Pensem que la recuperaci\u00f3 ser\u00e0 m\u00e9s r\u00e0pida i pronunciada fora de les nostres fronteres.<\/p>\n<p>Com a resum, hem configurat una estrat\u00e8gia defensiva, que consisteix a seleccionar inversions que, a mig termini, es vegen poc impactades per l&#8217;actual situaci\u00f3, i es troben a preus atractius.<\/p>\n<p>*<em>Article elaborat per Gescooperativo, Societat Gestora d&#8217;Institucions d&#8217;Inversi\u00f3 Col\u00b7lectiva de el Grup de Caixes Rurals. Actualizaci\u00f3 de dades per part de Caixa Benicarl\u00f3.<\/em><\/p>\n","protected":false},"excerpt":{"rendered":"<p>Ens trobem en l&#8217;etapa de la \u00abnova normalitat\u00bb. Han passat m\u00e9s de 100 dies des que es van adoptar les mesures de confinament i restricci\u00f3 de l&#8217;activitat per intentar contenir la pand\u00e8mia causada pel coronavirus Covid-19. La fi de l&#8217;Estat d&#8217;Alarma a Espanya i la reobertura de les fronteres amb la UE apunten a una &hellip; <a href=\"https:\/\/caixabenicarlo.es\/blog\/?p=670\" class=\"more-link\">Continuar leyendo<span class=\"screen-reader-text\"> \u00abQuines novetats ens trobem als mercats davant la \u201cnova normalitat\u201d?\u00bb<\/span><\/a><\/p>\n","protected":false},"author":2,"featured_media":672,"comment_status":"closed","ping_status":"closed","sticky":false,"template":"","format":"standard","meta":[],"categories":[4,18],"tags":[84],"_links":{"self":[{"href":"https:\/\/caixabenicarlo.es\/blog\/index.php?rest_route=\/wp\/v2\/posts\/670"}],"collection":[{"href":"https:\/\/caixabenicarlo.es\/blog\/index.php?rest_route=\/wp\/v2\/posts"}],"about":[{"href":"https:\/\/caixabenicarlo.es\/blog\/index.php?rest_route=\/wp\/v2\/types\/post"}],"author":[{"embeddable":true,"href":"https:\/\/caixabenicarlo.es\/blog\/index.php?rest_route=\/wp\/v2\/users\/2"}],"replies":[{"embeddable":true,"href":"https:\/\/caixabenicarlo.es\/blog\/index.php?rest_route=%2Fwp%2Fv2%2Fcomments&post=670"}],"version-history":[{"count":3,"href":"https:\/\/caixabenicarlo.es\/blog\/index.php?rest_route=\/wp\/v2\/posts\/670\/revisions"}],"predecessor-version":[{"id":799,"href":"https:\/\/caixabenicarlo.es\/blog\/index.php?rest_route=\/wp\/v2\/posts\/670\/revisions\/799"}],"wp:featuredmedia":[{"embeddable":true,"href":"https:\/\/caixabenicarlo.es\/blog\/index.php?rest_route=\/wp\/v2\/media\/672"}],"wp:attachment":[{"href":"https:\/\/caixabenicarlo.es\/blog\/index.php?rest_route=%2Fwp%2Fv2%2Fmedia&parent=670"}],"wp:term":[{"taxonomy":"category","embeddable":true,"href":"https:\/\/caixabenicarlo.es\/blog\/index.php?rest_route=%2Fwp%2Fv2%2Fcategories&post=670"},{"taxonomy":"post_tag","embeddable":true,"href":"https:\/\/caixabenicarlo.es\/blog\/index.php?rest_route=%2Fwp%2Fv2%2Ftags&post=670"}],"curies":[{"name":"wp","href":"https:\/\/api.w.org\/{rel}","templated":true}]}}