{"id":676,"date":"2020-07-18T10:23:26","date_gmt":"2020-07-18T10:23:26","guid":{"rendered":"https:\/\/caixabenicarlo.es\/blog\/?p=676"},"modified":"2021-09-27T07:04:46","modified_gmt":"2021-09-27T07:04:46","slug":"caixa-benicarlo-aporta-mes-de-200-000e-al-seu-entorn-en-2019","status":"publish","type":"post","link":"https:\/\/caixabenicarlo.es\/blog\/?p=676","title":{"rendered":"Caixa Benicarl\u00f3 aporta m\u00e9s de 200.000\u20ac  al seu entorn en 2019"},"content":{"rendered":"<p><strong>Compromesa amb el desenvolupament i progr\u00e9s de la societat que l\u2019envolta, <\/strong><strong>Caixa Benicarl\u00f3 ha contribu\u00eft en 2019 amb 204.000\u20ac cap a la seua societat. La Mem\u00f2ria Social recull un any m\u00e9s les activitats m\u00e9s rellevants que s\u2019han dut a terme en el terreny de l\u2019educaci\u00f3, cultura, esport o entitats socials <\/strong><strong>i va ser presentada en l\u2019Assemblea General del passat 25 de juny. Els cli<\/strong><strong>ents de l\u2019entitat banc\u00e0ria benicarlanda poden arreplegar un exemplar en qualsevol de les seues oficines.<\/strong><\/p>\n<p>Segons ha indicat el director general de Caixa Benicarl\u00f3, Jos\u00e9 Manuel Gal\u00e1n, <em>\u201cen esta Mem\u00f2ria Social mostrem com retornem una part important del benefici econ\u00f2mic del nostre balan\u00e7 econ\u00f2mic cap al progr\u00e9s de la nostra gent, com a banca de proximitat que som, i perqu\u00e8 tenim com a objectiu impulsar i motivar el desenvolupament econ\u00f2mic i social de l\u2019economia en diversos \u00e0mbits\u201d.<\/em><\/p>\n<p><img loading=\"lazy\" class=\"alignnone wp-image-679\" src=\"https:\/\/caixabenicarlo.es\/blog\/wp-content\/uploads\/2020\/07\/Memoria-Social-2019-Caixa-Benicarlo-3-1024x771.jpg\" alt=\"\" width=\"500\" height=\"376\" srcset=\"https:\/\/caixabenicarlo.es\/blog\/wp-content\/uploads\/2020\/07\/Memoria-Social-2019-Caixa-Benicarlo-3-1024x771.jpg 1024w, https:\/\/caixabenicarlo.es\/blog\/wp-content\/uploads\/2020\/07\/Memoria-Social-2019-Caixa-Benicarlo-3-300x226.jpg 300w, https:\/\/caixabenicarlo.es\/blog\/wp-content\/uploads\/2020\/07\/Memoria-Social-2019-Caixa-Benicarlo-3-768x578.jpg 768w, https:\/\/caixabenicarlo.es\/blog\/wp-content\/uploads\/2020\/07\/Memoria-Social-2019-Caixa-Benicarlo-3-1200x903.jpg 1200w\" sizes=\"(max-width: 500px) 85vw, 500px\" \/><\/p>\n<p>Per exemple, en 2019 Caixa Benicarl\u00f3 va seguir donant suport i promocionant el producte estrella de l\u2019horta de Benicarl\u00f3 i \u00fanic a la prov\u00edncia amb el segell de Denominaci\u00f3 d\u2019Origen Protegida \u201cCarxofa de Benicarl\u00f3\u201d, destinant 4.882,84\u20ac.<\/p>\n<p>D\u2019altra banda, la Jornada de Conviv\u00e8ncia Cooperativa que va reunir m\u00e9s de 1.400 persones per a tributar homenatge als socis agricultors jubilats supose un muntant econ\u00f2mic de 26.790,47\u20ac.<\/p>\n<p>El patrocini cultural i esportiu ha sigut tamb\u00e9 una constant de l\u2019entitat amb 22.805,54\u20ac en el 2019. En este \u00e0mbit destaque l\u2019aportaci\u00f3 de 8.000\u20ac als \u201cPremis Literaris Ciutat de Benicarl\u00f3\u201d o la beca per seguir catalogant el Fons Fotogr\u00e0fic Jos\u00e9 Palanques, mitjan\u00e7ant conveni amb la Fundaci\u00f3 Universitat Empresa-Jaume I amb una aportaci\u00f3 de 4.854,72\u20ac.<\/p>\n<p><img loading=\"lazy\" class=\"alignnone wp-image-677\" src=\"https:\/\/caixabenicarlo.es\/blog\/wp-content\/uploads\/2020\/07\/Memoria-Social-2019-Caixa-Benicarlo-1-1024x878.jpg\" alt=\"\" width=\"500\" height=\"429\" srcset=\"https:\/\/caixabenicarlo.es\/blog\/wp-content\/uploads\/2020\/07\/Memoria-Social-2019-Caixa-Benicarlo-1-1024x878.jpg 1024w, https:\/\/caixabenicarlo.es\/blog\/wp-content\/uploads\/2020\/07\/Memoria-Social-2019-Caixa-Benicarlo-1-300x257.jpg 300w, https:\/\/caixabenicarlo.es\/blog\/wp-content\/uploads\/2020\/07\/Memoria-Social-2019-Caixa-Benicarlo-1-768x659.jpg 768w, https:\/\/caixabenicarlo.es\/blog\/wp-content\/uploads\/2020\/07\/Memoria-Social-2019-Caixa-Benicarlo-1-1200x1029.jpg 1200w\" sizes=\"(max-width: 500px) 85vw, 500px\" \/><\/p>\n<p>Resulta tamb\u00e9 significativa la sensibilitat de l\u2019entitat cap al terreny social. En esta \u00e0rea destaquen els 10.000\u20ac destinats a les entitats que gaudeixen de la predilecci\u00f3 del socis a trav\u00e9s de l\u2019enquesta dissenyada a este efecte en l\u2019anomenada campanya \u201cCaixa Solid\u00e0ria\u201d.<\/p>\n<p>Per la seua banda, l\u2019import corresponent a la promoci\u00f3 a l\u2019associacionisme cooperatiu ascendeix a 26.381,05\u20ac incloent en esta partida la campanya \u201cPer Nadal, producte de proximitat\u201d i el calendari per als socis.<\/p>\n<p>I finalment, per comptar permanentment amb un capital hum\u00e0 preparat intel\u00b7lectualment i comprom\u00e8s en el seu singular model empresarial han suposat una inversi\u00f3 de 16.005,74\u20ac.<\/p>\n<p><strong>Educaci\u00f3<\/strong><\/p>\n<p>Cal destacar tamb\u00e9 el reconeixement que la Fundaci\u00f3 Caixa Benicarl\u00f3 fa als estudiants fills de socis, aportant l\u2019any passat 51.960\u20ac en vals escolars per bescanviar en llibres de text i material. En total es van beneficiar 866 alumnes, a ra\u00f3 de 60\u20ac cadascun.<\/p>\n<p><em>\u201cL\u2019excel\u00b7l\u00e8ncia escolar, com a mitj\u00e0 que assegure aconseguir les metes formatives personals fa que Caixa Benicarl\u00f3 tamb\u00e9 concedirem 7 beques de 1.000\u20ac per als estudis universitaris, amb una inversi\u00f3 de 7.000\u20ac, premiant l\u2019esfor\u00e7 acad\u00e8mic individual\u201d,<\/em> ha detallat el director general.<\/p>\n<p><em>Tamb\u00e9 l\u2019entitat banc\u00e0ria oferix una agenda escolar gratu\u00efta en valenci\u00e0 als alumnes del col\u00b7legis d\u2019Educaci\u00f3 Prim\u00e0ria de Benicarl\u00f3, C\u00e0lig i Pen\u00edscola, acci\u00f3 que comporta una inversi\u00f3 cultural de 6.458,44\u20ac.<\/em><\/p>\n<p><img loading=\"lazy\" class=\"alignnone wp-image-680\" src=\"https:\/\/caixabenicarlo.es\/blog\/wp-content\/uploads\/2020\/07\/Memoria-Social-2019-Caixa-Benicarlo-4-877x1024.jpg\" alt=\"\" width=\"500\" height=\"584\" srcset=\"https:\/\/caixabenicarlo.es\/blog\/wp-content\/uploads\/2020\/07\/Memoria-Social-2019-Caixa-Benicarlo-4-877x1024.jpg 877w, https:\/\/caixabenicarlo.es\/blog\/wp-content\/uploads\/2020\/07\/Memoria-Social-2019-Caixa-Benicarlo-4-257x300.jpg 257w, https:\/\/caixabenicarlo.es\/blog\/wp-content\/uploads\/2020\/07\/Memoria-Social-2019-Caixa-Benicarlo-4-768x897.jpg 768w, https:\/\/caixabenicarlo.es\/blog\/wp-content\/uploads\/2020\/07\/Memoria-Social-2019-Caixa-Benicarlo-4-1200x1402.jpg 1200w\" sizes=\"(max-width: 500px) 85vw, 500px\" \/><\/p>\n","protected":false},"excerpt":{"rendered":"<p>Compromesa amb el desenvolupament i progr\u00e9s de la societat que l\u2019envolta, Caixa Benicarl\u00f3 ha contribu\u00eft en 2019 amb 204.000\u20ac cap a la seua societat. La Mem\u00f2ria Social recull un any m\u00e9s les activitats m\u00e9s rellevants que s\u2019han dut a terme en el terreny de l\u2019educaci\u00f3, cultura, esport o entitats socials i va ser presentada en &hellip; <a href=\"https:\/\/caixabenicarlo.es\/blog\/?p=676\" class=\"more-link\">Continuar leyendo<span class=\"screen-reader-text\"> \u00abCaixa Benicarl\u00f3 aporta m\u00e9s de 200.000\u20ac  al seu entorn en 2019\u00bb<\/span><\/a><\/p>\n","protected":false},"author":2,"featured_media":678,"comment_status":"closed","ping_status":"closed","sticky":false,"template":"","format":"standard","meta":[],"categories":[4,5,1],"tags":[],"_links":{"self":[{"href":"https:\/\/caixabenicarlo.es\/blog\/index.php?rest_route=\/wp\/v2\/posts\/676"}],"collection":[{"href":"https:\/\/caixabenicarlo.es\/blog\/index.php?rest_route=\/wp\/v2\/posts"}],"about":[{"href":"https:\/\/caixabenicarlo.es\/blog\/index.php?rest_route=\/wp\/v2\/types\/post"}],"author":[{"embeddable":true,"href":"https:\/\/caixabenicarlo.es\/blog\/index.php?rest_route=\/wp\/v2\/users\/2"}],"replies":[{"embeddable":true,"href":"https:\/\/caixabenicarlo.es\/blog\/index.php?rest_route=%2Fwp%2Fv2%2Fcomments&post=676"}],"version-history":[{"count":3,"href":"https:\/\/caixabenicarlo.es\/blog\/index.php?rest_route=\/wp\/v2\/posts\/676\/revisions"}],"predecessor-version":[{"id":798,"href":"https:\/\/caixabenicarlo.es\/blog\/index.php?rest_route=\/wp\/v2\/posts\/676\/revisions\/798"}],"wp:featuredmedia":[{"embeddable":true,"href":"https:\/\/caixabenicarlo.es\/blog\/index.php?rest_route=\/wp\/v2\/media\/678"}],"wp:attachment":[{"href":"https:\/\/caixabenicarlo.es\/blog\/index.php?rest_route=%2Fwp%2Fv2%2Fmedia&parent=676"}],"wp:term":[{"taxonomy":"category","embeddable":true,"href":"https:\/\/caixabenicarlo.es\/blog\/index.php?rest_route=%2Fwp%2Fv2%2Fcategories&post=676"},{"taxonomy":"post_tag","embeddable":true,"href":"https:\/\/caixabenicarlo.es\/blog\/index.php?rest_route=%2Fwp%2Fv2%2Ftags&post=676"}],"curies":[{"name":"wp","href":"https:\/\/api.w.org\/{rel}","templated":true}]}}