{"id":703,"date":"2020-12-04T23:08:23","date_gmt":"2020-12-04T23:08:23","guid":{"rendered":"https:\/\/caixabenicarlo.es\/blog\/?p=703"},"modified":"2021-09-27T07:03:34","modified_gmt":"2021-09-27T07:03:34","slug":"les-fotografies-nocturnes-de-lluis-ibanez-protagonitzen-el-2021-de-caixa-benicarlo","status":"publish","type":"post","link":"https:\/\/caixabenicarlo.es\/blog\/?p=703","title":{"rendered":"Les fotografies nocturnes de Llu\u00eds Ib\u00e1\u00f1ez protagonitzen el 2021 de Caixa Benicarl\u00f3"},"content":{"rendered":"<p><img loading=\"lazy\" class=\"alignnone size-large wp-image-704\" src=\"https:\/\/caixabenicarlo.es\/blog\/wp-content\/uploads\/2020\/12\/presentacio-calendari-2021-1-1024x945.jpg\" alt=\"\" width=\"840\" height=\"775\" srcset=\"https:\/\/caixabenicarlo.es\/blog\/wp-content\/uploads\/2020\/12\/presentacio-calendari-2021-1-1024x945.jpg 1024w, https:\/\/caixabenicarlo.es\/blog\/wp-content\/uploads\/2020\/12\/presentacio-calendari-2021-1-300x277.jpg 300w, https:\/\/caixabenicarlo.es\/blog\/wp-content\/uploads\/2020\/12\/presentacio-calendari-2021-1-768x709.jpg 768w, https:\/\/caixabenicarlo.es\/blog\/wp-content\/uploads\/2020\/12\/presentacio-calendari-2021-1-1200x1107.jpg 1200w, https:\/\/caixabenicarlo.es\/blog\/wp-content\/uploads\/2020\/12\/presentacio-calendari-2021-1.jpg 1968w\" sizes=\"(max-width: 709px) 85vw, (max-width: 909px) 67vw, (max-width: 1362px) 62vw, 840px\" \/>Caixa Benicarl\u00f3 va donar a con\u00e8ixer dijous 3 de desembre el seu Calendari 2021. L\u2019entitat financera presenta el nou any amb \u201cGeografies vernacles\u201d, 12 fotografies nocturnes del mestre i fot\u00f2graf benicarlando, Llu\u00eds Ib\u00e1\u00f1ez, que mostren diversos espais de la comarca i de la seua \u00e0rea d\u2019influ\u00e8ncia: Benicarl\u00f3, Pen\u00edscola, C\u00e0lig i Cervera.<\/p>\n<p>Ib\u00e1\u00f1ez, qui explica que <em>\u201cel paisatge definix la nostra vida\u201d<\/em>, ha escollit en este calendari instant\u00e0nies <em>nocturnes. \u201cLa nit \u00e9s fosca, no es veu res, per\u00f2 quan la il\u00b7luminem, tot comence a tindre colors, formes, vida. He escollit coses que, poc a poc les estem perdent i no els hi estem fent cas. No els donem import\u00e0ncia perqu\u00e8 han estat sempre\u201d. Aix\u00ed, <\/em>imatges d\u2019una olivera mil\u00b7len\u00e0ria, el Puig, els motllons o el Mas de Fabra, s\u00f3n nom\u00e9s &nbsp;algunes de les fotografies triades en este calendari 2021.<\/p>\n<p><img loading=\"lazy\" class=\"alignnone size-large wp-image-706\" src=\"https:\/\/caixabenicarlo.es\/blog\/wp-content\/uploads\/2020\/12\/presentacio-calendari-2021-3-1024x461.jpg\" alt=\"\" width=\"840\" height=\"378\" srcset=\"https:\/\/caixabenicarlo.es\/blog\/wp-content\/uploads\/2020\/12\/presentacio-calendari-2021-3-1024x461.jpg 1024w, https:\/\/caixabenicarlo.es\/blog\/wp-content\/uploads\/2020\/12\/presentacio-calendari-2021-3-300x135.jpg 300w, https:\/\/caixabenicarlo.es\/blog\/wp-content\/uploads\/2020\/12\/presentacio-calendari-2021-3-768x346.jpg 768w, https:\/\/caixabenicarlo.es\/blog\/wp-content\/uploads\/2020\/12\/presentacio-calendari-2021-3-1200x540.jpg 1200w\" sizes=\"(max-width: 709px) 85vw, (max-width: 909px) 67vw, (max-width: 1362px) 62vw, 840px\" \/><\/p>\n<p>Per la seua banda, la impremta 4Colors \u00e9s l\u2019encarregada del disseny i impressi\u00f3 del calendari 2021 i Cristina Queralt, la persona que ha fet la composici\u00f3 i muntatge.<\/p>\n<p><strong>Campanya de Nadal<\/strong><\/p>\n<p>Caixa Benicarl\u00f3 dona aix\u00ed el tret de sortida a la seua Campanya de Nadal i per aix\u00f2, l\u2019almanac est\u00e0 ja a disposici\u00f3 dels socis i s\u00f2cies a totes les seues oficines. El director general, Jos\u00e9 Manuel Gal\u00e1n, ha recordat que <em>\u201c<\/em><em>a m\u00e9s del calendari, farem entrega del detall de Nadal i encetarem la nova edici\u00f3 de Caixa solid\u00e0ria, on demanarem l\u2019opini\u00f3 dels socis per a contribuir, una vegada m\u00e9s, amb 10.000 euros que distribuirem entre les diverses associacions que han presentat projecte i els socis decidiran la seua prefer\u00e8ncia mitjan\u00e7ant el vot\u201d.<\/em><\/p>\n<p>Pel que fa a l\u2019obsequi nadalenc <em>\u201cen aquesta edici\u00f3 regalem una edici\u00f3 especial del vi Renaixen\u00e7a del Celler del Vi Carl\u00f3n, perqu\u00e8 <\/em>fidels a la nostra filosofia: per nadal, compartim l\u2019amistat i el producte de proximitat\u201d, <em>ha detallat Gal\u00e1n.<\/em><\/p>\n<p><img loading=\"lazy\" class=\"alignnone size-large wp-image-705\" src=\"https:\/\/caixabenicarlo.es\/blog\/wp-content\/uploads\/2020\/12\/presentacio-calendari-2021-2-1024x461.jpg\" alt=\"\" width=\"840\" height=\"378\" srcset=\"https:\/\/caixabenicarlo.es\/blog\/wp-content\/uploads\/2020\/12\/presentacio-calendari-2021-2-1024x461.jpg 1024w, https:\/\/caixabenicarlo.es\/blog\/wp-content\/uploads\/2020\/12\/presentacio-calendari-2021-2-300x135.jpg 300w, https:\/\/caixabenicarlo.es\/blog\/wp-content\/uploads\/2020\/12\/presentacio-calendari-2021-2-768x346.jpg 768w, https:\/\/caixabenicarlo.es\/blog\/wp-content\/uploads\/2020\/12\/presentacio-calendari-2021-2-1200x540.jpg 1200w\" sizes=\"(max-width: 709px) 85vw, (max-width: 909px) 67vw, (max-width: 1362px) 62vw, 840px\" \/><\/p>\n","protected":false},"excerpt":{"rendered":"<p>Caixa Benicarl\u00f3 va donar a con\u00e8ixer dijous 3 de desembre el seu Calendari 2021. L\u2019entitat financera presenta el nou any amb \u201cGeografies vernacles\u201d, 12 fotografies nocturnes del mestre i fot\u00f2graf benicarlando, Llu\u00eds Ib\u00e1\u00f1ez, que mostren diversos espais de la comarca i de la seua \u00e0rea d\u2019influ\u00e8ncia: Benicarl\u00f3, Pen\u00edscola, C\u00e0lig i Cervera. Ib\u00e1\u00f1ez, qui explica que &hellip; <a href=\"https:\/\/caixabenicarlo.es\/blog\/?p=703\" class=\"more-link\">Continuar leyendo<span class=\"screen-reader-text\"> \u00abLes fotografies nocturnes de Llu\u00eds Ib\u00e1\u00f1ez protagonitzen el 2021 de Caixa Benicarl\u00f3\u00bb<\/span><\/a><\/p>\n","protected":false},"author":2,"featured_media":0,"comment_status":"closed","ping_status":"closed","sticky":false,"template":"","format":"standard","meta":[],"categories":[1],"tags":[],"_links":{"self":[{"href":"https:\/\/caixabenicarlo.es\/blog\/index.php?rest_route=\/wp\/v2\/posts\/703"}],"collection":[{"href":"https:\/\/caixabenicarlo.es\/blog\/index.php?rest_route=\/wp\/v2\/posts"}],"about":[{"href":"https:\/\/caixabenicarlo.es\/blog\/index.php?rest_route=\/wp\/v2\/types\/post"}],"author":[{"embeddable":true,"href":"https:\/\/caixabenicarlo.es\/blog\/index.php?rest_route=\/wp\/v2\/users\/2"}],"replies":[{"embeddable":true,"href":"https:\/\/caixabenicarlo.es\/blog\/index.php?rest_route=%2Fwp%2Fv2%2Fcomments&post=703"}],"version-history":[{"count":3,"href":"https:\/\/caixabenicarlo.es\/blog\/index.php?rest_route=\/wp\/v2\/posts\/703\/revisions"}],"predecessor-version":[{"id":794,"href":"https:\/\/caixabenicarlo.es\/blog\/index.php?rest_route=\/wp\/v2\/posts\/703\/revisions\/794"}],"wp:attachment":[{"href":"https:\/\/caixabenicarlo.es\/blog\/index.php?rest_route=%2Fwp%2Fv2%2Fmedia&parent=703"}],"wp:term":[{"taxonomy":"category","embeddable":true,"href":"https:\/\/caixabenicarlo.es\/blog\/index.php?rest_route=%2Fwp%2Fv2%2Fcategories&post=703"},{"taxonomy":"post_tag","embeddable":true,"href":"https:\/\/caixabenicarlo.es\/blog\/index.php?rest_route=%2Fwp%2Fv2%2Ftags&post=703"}],"curies":[{"name":"wp","href":"https:\/\/api.w.org\/{rel}","templated":true}]}}