{"id":73,"date":"2017-04-24T18:57:34","date_gmt":"2017-04-24T18:57:34","guid":{"rendered":"http:\/\/caixabenicarlo.es\/blog\/?p=73"},"modified":"2021-09-27T07:24:27","modified_gmt":"2021-09-27T07:24:27","slug":"al-costat-de-la-penya-setrill-en-la-marxa-benicarlo-morella","status":"publish","type":"post","link":"https:\/\/caixabenicarlo.es\/blog\/?p=73","title":{"rendered":"Al costat de la Penya Setrill en la Marxa Benicarl\u00f3-Xert-Morella"},"content":{"rendered":"<p style=\"text-align: left;\"><strong>Caixa Benicarl\u00f3, <\/strong>seguint la seua l\u00ednia de donar <strong>suport a les tradicions i la cultura popular<\/strong>, ha tornat a col\u00b7laborar amb la <a href=\"https:\/\/www.facebook.com\/setrillbenicarlo\/?fref=ts\">Penya Setrill<\/a> en la <strong>XIV Marxa Benicarl\u00f3-Xert-Morella.&nbsp;<\/strong>105 participants s&#8217;han donat cita en esta edici\u00f3 de la marxa que ha tingut lloc el passat cap de setmana 22 i 23 d&#8217;abril.<\/p>\n<p style=\"text-align: left;\">La caminada d&#8217;enguany ha tornat a&nbsp;destacar per la seua&nbsp;magn\u00edfica organitzaci\u00f3 i pel bon ambient. Els senderistes&nbsp;han rebut diversos obsequis, com ara una caixa de <a href=\"https:\/\/www.facebook.com\/alcachofaBenicarlo\/?fref=ts\">carxofes DOP<\/a>, gentilesa de Caixa Benicarl\u00f3. Tamb\u00e9 han estat obsequiats amb una samarreta, fotografia d&#8217;esta edici\u00f3, motxilla i diploma acreditatiu nominal.<\/p>\n<p style=\"text-align: left;\">En este cap de setmana d&#8217;esport i germanor, tampoc han faltat plats tan t\u00edpics de la gastronomia benicarlanda com l&#8217;olleta, les carxofes al forn o la paella.<\/p>\n<p style=\"text-align: left;\">Fotos: Penya Setrill<\/p>\n<p style=\"text-align: left;\"><img loading=\"lazy\" class=\"alignnone wp-image-74 size-large\" src=\"http:\/\/caixabenicarlo.es\/blog\/wp-content\/uploads\/2017\/04\/IMG_2450-1024x683.jpg\" alt=\"\" width=\"840\" height=\"560\" srcset=\"https:\/\/caixabenicarlo.es\/blog\/wp-content\/uploads\/2017\/04\/IMG_2450-1024x683.jpg 1024w, https:\/\/caixabenicarlo.es\/blog\/wp-content\/uploads\/2017\/04\/IMG_2450-300x200.jpg 300w, https:\/\/caixabenicarlo.es\/blog\/wp-content\/uploads\/2017\/04\/IMG_2450-768x512.jpg 768w, https:\/\/caixabenicarlo.es\/blog\/wp-content\/uploads\/2017\/04\/IMG_2450-1200x800.jpg 1200w\" sizes=\"(max-width: 709px) 85vw, (max-width: 909px) 67vw, (max-width: 1362px) 62vw, 840px\" \/><img loading=\"lazy\" class=\"alignnone wp-image-77 size-large\" src=\"http:\/\/caixabenicarlo.es\/blog\/wp-content\/uploads\/2017\/04\/IMG_2615-1024x683.jpg\" alt=\"\" width=\"840\" height=\"560\" srcset=\"https:\/\/caixabenicarlo.es\/blog\/wp-content\/uploads\/2017\/04\/IMG_2615-1024x683.jpg 1024w, https:\/\/caixabenicarlo.es\/blog\/wp-content\/uploads\/2017\/04\/IMG_2615-300x200.jpg 300w, https:\/\/caixabenicarlo.es\/blog\/wp-content\/uploads\/2017\/04\/IMG_2615-768x512.jpg 768w, https:\/\/caixabenicarlo.es\/blog\/wp-content\/uploads\/2017\/04\/IMG_2615-1200x800.jpg 1200w\" sizes=\"(max-width: 709px) 85vw, (max-width: 909px) 67vw, (max-width: 1362px) 62vw, 840px\" \/><\/p>\n","protected":false},"excerpt":{"rendered":"<p>Caixa Benicarl\u00f3, seguint la seua l\u00ednia de donar suport a les tradicions i la cultura popular, ha tornat a col\u00b7laborar amb la Penya Setrill en la XIV Marxa Benicarl\u00f3-Xert-Morella.&nbsp;105 participants s&#8217;han donat cita en esta edici\u00f3 de la marxa que ha tingut lloc el passat cap de setmana 22 i 23 d&#8217;abril. La caminada d&#8217;enguany &hellip; <a href=\"https:\/\/caixabenicarlo.es\/blog\/?p=73\" class=\"more-link\">Continuar leyendo<span class=\"screen-reader-text\"> \u00abAl costat de la Penya Setrill en la Marxa Benicarl\u00f3-Xert-Morella\u00bb<\/span><\/a><\/p>\n","protected":false},"author":2,"featured_media":75,"comment_status":"closed","ping_status":"closed","sticky":false,"template":"","format":"standard","meta":[],"categories":[4,5],"tags":[8,9,7,6,10],"_links":{"self":[{"href":"https:\/\/caixabenicarlo.es\/blog\/index.php?rest_route=\/wp\/v2\/posts\/73"}],"collection":[{"href":"https:\/\/caixabenicarlo.es\/blog\/index.php?rest_route=\/wp\/v2\/posts"}],"about":[{"href":"https:\/\/caixabenicarlo.es\/blog\/index.php?rest_route=\/wp\/v2\/types\/post"}],"author":[{"embeddable":true,"href":"https:\/\/caixabenicarlo.es\/blog\/index.php?rest_route=\/wp\/v2\/users\/2"}],"replies":[{"embeddable":true,"href":"https:\/\/caixabenicarlo.es\/blog\/index.php?rest_route=%2Fwp%2Fv2%2Fcomments&post=73"}],"version-history":[{"count":6,"href":"https:\/\/caixabenicarlo.es\/blog\/index.php?rest_route=\/wp\/v2\/posts\/73\/revisions"}],"predecessor-version":[{"id":855,"href":"https:\/\/caixabenicarlo.es\/blog\/index.php?rest_route=\/wp\/v2\/posts\/73\/revisions\/855"}],"wp:featuredmedia":[{"embeddable":true,"href":"https:\/\/caixabenicarlo.es\/blog\/index.php?rest_route=\/wp\/v2\/media\/75"}],"wp:attachment":[{"href":"https:\/\/caixabenicarlo.es\/blog\/index.php?rest_route=%2Fwp%2Fv2%2Fmedia&parent=73"}],"wp:term":[{"taxonomy":"category","embeddable":true,"href":"https:\/\/caixabenicarlo.es\/blog\/index.php?rest_route=%2Fwp%2Fv2%2Fcategories&post=73"},{"taxonomy":"post_tag","embeddable":true,"href":"https:\/\/caixabenicarlo.es\/blog\/index.php?rest_route=%2Fwp%2Fv2%2Ftags&post=73"}],"curies":[{"name":"wp","href":"https:\/\/api.w.org\/{rel}","templated":true}]}}