{"id":741,"date":"2021-04-17T07:38:57","date_gmt":"2021-04-17T07:38:57","guid":{"rendered":"https:\/\/caixabenicarlo.es\/blog\/?p=741"},"modified":"2021-09-27T07:26:24","modified_gmt":"2021-09-27T07:26:24","slug":"la-festa-de-sant-isidre-de-benicarlo-es-suspen-tambe-en-2021","status":"publish","type":"post","link":"https:\/\/caixabenicarlo.es\/blog\/?p=741","title":{"rendered":"La festa de Sant Isidre de Benicarl\u00f3 es susp\u00e8n tamb\u00e9 en 2021"},"content":{"rendered":"<p>Amb motiu de l\u2019actual pand\u00e8mia, el Consell Rector de Caixa Benicarl\u00f3, empresa organitzadora dels actes de la festivitat de Sant Isidre a Benicarl\u00f3, juntament amb la cooperativa agr\u00edcola Benihort, ha decidit suspendre, per segon any consecutiu, els actes d&#8217;esta Jornada de Conviv\u00e8ncia Cooperativa.<\/p>\n<p>Tot i aix\u00f2, est\u00e0 previst que els Consells Rectors d&#8217;ambdues entitats benicarlandes participen en una missa commemorativa, en honor al sant, el proper diumenge 16 de maig a les 11 del mat\u00ed a l\u2019esgl\u00e9sia de Sant Bartomeu. A l&#8217;eucaristia tamb\u00e9 es convidar\u00e0 a les dames de Sant Antoni i de l\u2019Associaci\u00f3 de la Dona Llauradora, per a qu\u00e8, en representaci\u00f3 del sector agrari, puguen fer una ofrena.<\/p>\n<p><img loading=\"lazy\" class=\"alignnone size-large wp-image-743\" src=\"https:\/\/caixabenicarlo.es\/blog\/wp-content\/uploads\/2021\/04\/2021-sant-isidre-suspes-1024x576.jpg\" alt=\"\" width=\"840\" height=\"473\" srcset=\"https:\/\/caixabenicarlo.es\/blog\/wp-content\/uploads\/2021\/04\/2021-sant-isidre-suspes-1024x576.jpg 1024w, https:\/\/caixabenicarlo.es\/blog\/wp-content\/uploads\/2021\/04\/2021-sant-isidre-suspes-300x169.jpg 300w, https:\/\/caixabenicarlo.es\/blog\/wp-content\/uploads\/2021\/04\/2021-sant-isidre-suspes-768x432.jpg 768w, https:\/\/caixabenicarlo.es\/blog\/wp-content\/uploads\/2021\/04\/2021-sant-isidre-suspes-1200x675.jpg 1200w\" sizes=\"(max-width: 709px) 85vw, (max-width: 909px) 67vw, (max-width: 1362px) 62vw, 840px\" \/><\/p>\n<p>La resta d&#8217;actes d&#8217;esta celebraci\u00f3, aix\u00ed com la participaci\u00f3 multitudin\u00e0ria, queden suspesos per l&#8217;actual situaci\u00f3 sanit\u00e0ria.<\/p>\n<p>La festa de Sant Isidre de Benicarl\u00f3, que homenatja als socis jubilats de les dues entitats de la poblaci\u00f3, reunia a m\u00e9s de 1.600 persones en les instal\u00b7lacions de la cooperativa benicarlanda.<\/p>\n<p>&nbsp;<\/p>\n","protected":false},"excerpt":{"rendered":"<p>Amb motiu de l\u2019actual pand\u00e8mia, el Consell Rector de Caixa Benicarl\u00f3, empresa organitzadora dels actes de la festivitat de Sant Isidre a Benicarl\u00f3, juntament amb la cooperativa agr\u00edcola Benihort, ha decidit suspendre, per segon any consecutiu, els actes d&#8217;esta Jornada de Conviv\u00e8ncia Cooperativa. Tot i aix\u00f2, est\u00e0 previst que els Consells Rectors d&#8217;ambdues entitats benicarlandes &hellip; <a href=\"https:\/\/caixabenicarlo.es\/blog\/?p=741\" class=\"more-link\">Continuar leyendo<span class=\"screen-reader-text\"> \u00abLa festa de Sant Isidre de Benicarl\u00f3 es susp\u00e8n tamb\u00e9 en 2021\u00bb<\/span><\/a><\/p>\n","protected":false},"author":2,"featured_media":618,"comment_status":"closed","ping_status":"closed","sticky":false,"template":"","format":"standard","meta":[],"categories":[4,5,1],"tags":[],"_links":{"self":[{"href":"https:\/\/caixabenicarlo.es\/blog\/index.php?rest_route=\/wp\/v2\/posts\/741"}],"collection":[{"href":"https:\/\/caixabenicarlo.es\/blog\/index.php?rest_route=\/wp\/v2\/posts"}],"about":[{"href":"https:\/\/caixabenicarlo.es\/blog\/index.php?rest_route=\/wp\/v2\/types\/post"}],"author":[{"embeddable":true,"href":"https:\/\/caixabenicarlo.es\/blog\/index.php?rest_route=\/wp\/v2\/users\/2"}],"replies":[{"embeddable":true,"href":"https:\/\/caixabenicarlo.es\/blog\/index.php?rest_route=%2Fwp%2Fv2%2Fcomments&post=741"}],"version-history":[{"count":3,"href":"https:\/\/caixabenicarlo.es\/blog\/index.php?rest_route=\/wp\/v2\/posts\/741\/revisions"}],"predecessor-version":[{"id":858,"href":"https:\/\/caixabenicarlo.es\/blog\/index.php?rest_route=\/wp\/v2\/posts\/741\/revisions\/858"}],"wp:featuredmedia":[{"embeddable":true,"href":"https:\/\/caixabenicarlo.es\/blog\/index.php?rest_route=\/wp\/v2\/media\/618"}],"wp:attachment":[{"href":"https:\/\/caixabenicarlo.es\/blog\/index.php?rest_route=%2Fwp%2Fv2%2Fmedia&parent=741"}],"wp:term":[{"taxonomy":"category","embeddable":true,"href":"https:\/\/caixabenicarlo.es\/blog\/index.php?rest_route=%2Fwp%2Fv2%2Fcategories&post=741"},{"taxonomy":"post_tag","embeddable":true,"href":"https:\/\/caixabenicarlo.es\/blog\/index.php?rest_route=%2Fwp%2Fv2%2Ftags&post=741"}],"curies":[{"name":"wp","href":"https:\/\/api.w.org\/{rel}","templated":true}]}}