{"id":83,"date":"2017-04-27T23:41:26","date_gmt":"2017-04-27T23:41:26","guid":{"rendered":"http:\/\/caixabenicarlo.es\/blog\/?p=83"},"modified":"2021-09-27T07:24:11","modified_gmt":"2021-09-27T07:24:11","slug":"caixa-benicarlo-amb-el-club-mabel","status":"publish","type":"post","link":"https:\/\/caixabenicarlo.es\/blog\/?p=83","title":{"rendered":"Caixa Benicarl\u00f3, amb el Club Mabel"},"content":{"rendered":"<p>A trav\u00e9s de l&#8217;esport aprenem valors com la superaci\u00f3, l&#8217;esfor\u00e7 i el comprom\u00eds, i les joves gimnastes del <a href=\"https:\/\/www.facebook.com\/CLUB-MABEL-G-RITMICA-131021930270704\/?fref=ts\">Club Mabel<\/a>&nbsp;de Benicarl\u00f3 en sabem molt d&#8217;estos valors, per aix\u00f2 volem estar al seu costat.<\/p>\n<p>Caixa Benicarl\u00f3 patrocina en este 2017 a les esportistes del Club Mabel que competixen en l&#8217;\u00e8lit de la gim\u00e0stica r\u00edtmica: <strong>Maria A\u00f1o, Noa Ros, Leire Rovira, Alba Bautista, Alba Ciurans, Nadia M. Arnau i Carla Palamariu.<\/strong><\/p>\n<p>Esta setmana han estrenat uns equipatges plens de somnis que les acompanyaran en cadascuna de les seues competicions. Les maletes viatgen este cap de setmana al <strong>Internacional AGN CUP 20<\/strong>17 que se celebra a&nbsp;<strong>Maia (Portugal).<\/strong>&nbsp;En <strong>representaci\u00f3 Junior individual de la Comunitat Valenciana<\/strong> assistiran les gimnastes <strong>Maria A\u00f1\u00f3 y Noa Ros<\/strong>, acompanyades per la seua <strong>entrenadora Blanca L\u00f3pez.<\/strong> Des del Club Mabel, la seua directora Manola Belda, agraeix <em>\u00aba la Federaci\u00f3 Valenciana, l&#8217;oportunitat i experi\u00e8ncia que els done a la seua traject\u00f2ria&nbsp;esportiva poder participar en una competici\u00f3 d&#8217;este nivell\u00bb.<\/em><\/p>\n<p><img loading=\"lazy\" class=\"alignnone wp-image-93\" src=\"http:\/\/caixabenicarlo.es\/blog\/wp-content\/uploads\/2017\/04\/mabel-caixabenicarlo-maletas-3-300x68.jpg\" alt=\"\" width=\"578\" height=\"131\" srcset=\"https:\/\/caixabenicarlo.es\/blog\/wp-content\/uploads\/2017\/04\/mabel-caixabenicarlo-maletas-3-300x68.jpg 300w, https:\/\/caixabenicarlo.es\/blog\/wp-content\/uploads\/2017\/04\/mabel-caixabenicarlo-maletas-3.jpg 647w\" sizes=\"(max-width: 578px) 85vw, 578px\" \/><\/p>\n<p>&nbsp;<\/p>\n","protected":false},"excerpt":{"rendered":"<p>A trav\u00e9s de l&#8217;esport aprenem valors com la superaci\u00f3, l&#8217;esfor\u00e7 i el comprom\u00eds, i les joves gimnastes del Club Mabel&nbsp;de Benicarl\u00f3 en sabem molt d&#8217;estos valors, per aix\u00f2 volem estar al seu costat. Caixa Benicarl\u00f3 patrocina en este 2017 a les esportistes del Club Mabel que competixen en l&#8217;\u00e8lit de la gim\u00e0stica r\u00edtmica: Maria A\u00f1o, &hellip; <a href=\"https:\/\/caixabenicarlo.es\/blog\/?p=83\" class=\"more-link\">Continuar leyendo<span class=\"screen-reader-text\"> \u00abCaixa Benicarl\u00f3, amb el Club Mabel\u00bb<\/span><\/a><\/p>\n","protected":false},"author":2,"featured_media":86,"comment_status":"closed","ping_status":"closed","sticky":false,"template":"","format":"standard","meta":[],"categories":[4,5],"tags":[11,13,14,15,12],"_links":{"self":[{"href":"https:\/\/caixabenicarlo.es\/blog\/index.php?rest_route=\/wp\/v2\/posts\/83"}],"collection":[{"href":"https:\/\/caixabenicarlo.es\/blog\/index.php?rest_route=\/wp\/v2\/posts"}],"about":[{"href":"https:\/\/caixabenicarlo.es\/blog\/index.php?rest_route=\/wp\/v2\/types\/post"}],"author":[{"embeddable":true,"href":"https:\/\/caixabenicarlo.es\/blog\/index.php?rest_route=\/wp\/v2\/users\/2"}],"replies":[{"embeddable":true,"href":"https:\/\/caixabenicarlo.es\/blog\/index.php?rest_route=%2Fwp%2Fv2%2Fcomments&post=83"}],"version-history":[{"count":6,"href":"https:\/\/caixabenicarlo.es\/blog\/index.php?rest_route=\/wp\/v2\/posts\/83\/revisions"}],"predecessor-version":[{"id":854,"href":"https:\/\/caixabenicarlo.es\/blog\/index.php?rest_route=\/wp\/v2\/posts\/83\/revisions\/854"}],"wp:featuredmedia":[{"embeddable":true,"href":"https:\/\/caixabenicarlo.es\/blog\/index.php?rest_route=\/wp\/v2\/media\/86"}],"wp:attachment":[{"href":"https:\/\/caixabenicarlo.es\/blog\/index.php?rest_route=%2Fwp%2Fv2%2Fmedia&parent=83"}],"wp:term":[{"taxonomy":"category","embeddable":true,"href":"https:\/\/caixabenicarlo.es\/blog\/index.php?rest_route=%2Fwp%2Fv2%2Fcategories&post=83"},{"taxonomy":"post_tag","embeddable":true,"href":"https:\/\/caixabenicarlo.es\/blog\/index.php?rest_route=%2Fwp%2Fv2%2Ftags&post=83"}],"curies":[{"name":"wp","href":"https:\/\/api.w.org\/{rel}","templated":true}]}}