{"id":945,"date":"2022-06-22T21:16:13","date_gmt":"2022-06-22T21:16:13","guid":{"rendered":"https:\/\/caixabenicarlo.es\/blog\/?p=945"},"modified":"2022-06-22T21:16:13","modified_gmt":"2022-06-22T21:16:13","slug":"el-balanc-de-caixa-benicarlo-supera-els-400-milions-deuros-en-2021","status":"publish","type":"post","link":"https:\/\/caixabenicarlo.es\/blog\/?p=945","title":{"rendered":"El balan\u00e7 de Caixa Benicarl\u00f3 supera els 400 milions d\u2019euros en 2021"},"content":{"rendered":"\n<p><\/p>\n\n\n\n<p><strong>L\u2019entitat finalitza l\u2019any amb uns &nbsp;beneficis d\u20191,2 milions d\u2019euros,<\/strong><\/p>\n\n\n\n<p><strong>un 57 % superior al de 2020<\/strong><\/p>\n\n\n\n<p>Caixa Benicarl\u00f3 va tancar el passat any amb un balan\u00e7 per damunt dels 400 milions d\u2019euros i un benefici d\u20191,2 milions d\u2019euros, segons dades que desvetlla l\u2019Informe Anual 2021. Gr\u00e0cies als seus resultats, l\u2019entitat que dirigeix Jos\u00e9 Manuel Gal\u00e1n Foix, destinar\u00e0 al creixement social, cultural i esportiu del seu entorn 170 mil euros.<\/p>\n\n\n\n<p>Els comptes anuals de l\u2019entitat de cr\u00e8dit cooperativa benicarlanda es van presentar el dimecres 21 de juny en l\u2019Assemblea General Ordin\u00e0ria, celebrada a l\u2019Auditori Pedro Mercader de la ciutat. Juntament al director general van presidir la reuni\u00f3, el president, Vicent Par\u00eds For\u00e9s, aix\u00ed com el secretari, Jos\u00e9 Lu\u00eds Fandos i el director de la Unitat Global de Risc, Santiago Machordom Bautista.<\/p>\n\n\n\n<p>En l\u2019acte el director general de l\u2019entitat, Jos\u00e9 Manuel Gal\u00e1n Foix, es va referir als resultats del 2021: <em>\u201cEl total de l\u2019actiu vam arribar als 403 milions d\u2019euros al tancament de l\u2019exercici 2021, front els gaireb\u00e9 357 milions d\u2019euros de l\u2019any 2020. A m\u00e9s a m\u00e9s, despr\u00e9s de finalitzar un dels per\u00edodes m\u00e9s dif\u00edcils de les \u00faltimes d\u00e8cades per la pand\u00e8mia de la Covid-19, el benefici net de Caixa Benicarl\u00f3 s&#8217;ha incrementat respecte del 2020, malgrat haver realitzat dotacions extraordin\u00e0ries per anticipar-nos als impactes futurs pels efectes econ\u00f2mics de la incertesa provocada per la situaci\u00f3 macroecon\u00f2mica actual. La nostra entitat ha tancat l&#8217;exercici amb uns beneficis de 1,2 milions d\u2019euros, un 57% superior al 2020.<\/em><\/p>\n\n\n\n<p>Una altra dada d\u2019inter\u00e8s del balan\u00e7 anual de l\u2019entitat banc\u00e0ria cooperativa \u00e9s el seu alt nivell de solv\u00e8ncia, que es situa en un 16,10%, molt superior a l\u2019exigit per la normativa.<\/p>\n\n\n\n<p><strong>La gent, el seu comprom\u00eds<\/strong><\/p>\n\n\n\n<p>Actualment, Caixa Benicarl\u00f3 emplea 30 persones en les seues 5 oficines de Benicarl\u00f3, Pen\u00edscola, C\u00e0lig i l\u2019extensi\u00f3 de Cervera, exercitant una banca cooperativa i de proximitat. Tamb\u00e9 la seua integraci\u00f3 en el Grupo Cooperativo Solventia i les seues aliances amb d\u2019altres empreses de serveis li permeten desenvolupar la seua activitat des d\u2019un concepte m\u00e9s eficient, global i universal.<\/p>\n\n\n\n<p>En l\u2019\u00e0mbit social, el president, Vicent Par\u00eds For\u00e9s, va destacar el ferm comprom\u00eds que la seua entitat t\u00e9 amb la societat que l\u2019envolta i va ressaltar la confian\u00e7a, com aspecte clau en la relaci\u00f3 entre els seus socis i clients: <em>\u201cen l\u2019\u00e0mbit social tamb\u00e9 hem crescut. Oferim servei a 18.452 clients, dels quals 5.245 s\u00f3n socis. I fidels al nostre comprom\u00eds de servei cooperatiu, respecte a la inclusi\u00f3 financera i l&#8217;atenci\u00f3 presencial als clients majors i col\u00b7lectius vulnerables, cal dir que Caixa Benicarl\u00f3 mai no ha discriminat horaris, ni atenci\u00f3 personalitzada per raons d&#8217;edat, oferint en tot moment a tots els clients, un ampli servei personal de finestreta, compatible amb les noves tecnologies de terminals desatesos i la banca a dist\u00e0ncia\u201d.<\/em><\/p>\n\n\n\n<p>Fruit d\u2019aquesta aposta per la societat que l\u2019envolta s\u00f3n els m\u00e9s de 170 mil euros de pressupost social de l\u2019entitat i la Fundaci\u00f3 Caixa Benicarl\u00f3, per cobrir les accions i ajudes destinades a diferents sectors i associacions, retornant aix\u00ed una part important del benefici econ\u00f2mic del seu balan\u00e7 cap al progr\u00e9s de la seua gent.<\/p>\n\n\n\n<p><\/p>\n","protected":false},"excerpt":{"rendered":"<p>L\u2019entitat finalitza l\u2019any amb uns &nbsp;beneficis d\u20191,2 milions d\u2019euros, un 57 % superior al de 2020 Caixa Benicarl\u00f3 va tancar el passat any amb un balan\u00e7 per damunt dels 400 milions d\u2019euros i un benefici d\u20191,2 milions d\u2019euros, segons dades que desvetlla l\u2019Informe Anual 2021. Gr\u00e0cies als seus resultats, l\u2019entitat que dirigeix Jos\u00e9 Manuel Gal\u00e1n &hellip; <a href=\"https:\/\/caixabenicarlo.es\/blog\/?p=945\" class=\"more-link\">Continuar leyendo<span class=\"screen-reader-text\"> \u00abEl balan\u00e7 de Caixa Benicarl\u00f3 supera els 400 milions d\u2019euros en 2021\u00bb<\/span><\/a><\/p>\n","protected":false},"author":2,"featured_media":947,"comment_status":"closed","ping_status":"open","sticky":false,"template":"","format":"standard","meta":[],"categories":[1],"tags":[],"_links":{"self":[{"href":"https:\/\/caixabenicarlo.es\/blog\/index.php?rest_route=\/wp\/v2\/posts\/945"}],"collection":[{"href":"https:\/\/caixabenicarlo.es\/blog\/index.php?rest_route=\/wp\/v2\/posts"}],"about":[{"href":"https:\/\/caixabenicarlo.es\/blog\/index.php?rest_route=\/wp\/v2\/types\/post"}],"author":[{"embeddable":true,"href":"https:\/\/caixabenicarlo.es\/blog\/index.php?rest_route=\/wp\/v2\/users\/2"}],"replies":[{"embeddable":true,"href":"https:\/\/caixabenicarlo.es\/blog\/index.php?rest_route=%2Fwp%2Fv2%2Fcomments&post=945"}],"version-history":[{"count":1,"href":"https:\/\/caixabenicarlo.es\/blog\/index.php?rest_route=\/wp\/v2\/posts\/945\/revisions"}],"predecessor-version":[{"id":948,"href":"https:\/\/caixabenicarlo.es\/blog\/index.php?rest_route=\/wp\/v2\/posts\/945\/revisions\/948"}],"wp:featuredmedia":[{"embeddable":true,"href":"https:\/\/caixabenicarlo.es\/blog\/index.php?rest_route=\/wp\/v2\/media\/947"}],"wp:attachment":[{"href":"https:\/\/caixabenicarlo.es\/blog\/index.php?rest_route=%2Fwp%2Fv2%2Fmedia&parent=945"}],"wp:term":[{"taxonomy":"category","embeddable":true,"href":"https:\/\/caixabenicarlo.es\/blog\/index.php?rest_route=%2Fwp%2Fv2%2Fcategories&post=945"},{"taxonomy":"post_tag","embeddable":true,"href":"https:\/\/caixabenicarlo.es\/blog\/index.php?rest_route=%2Fwp%2Fv2%2Ftags&post=945"}],"curies":[{"name":"wp","href":"https:\/\/api.w.org\/{rel}","templated":true}]}}