{"id":995,"date":"2022-09-02T19:50:39","date_gmt":"2022-09-02T19:50:39","guid":{"rendered":"https:\/\/caixabenicarlo.es\/blog\/?p=995"},"modified":"2022-09-03T20:22:34","modified_gmt":"2022-09-03T20:22:34","slug":"12-jovens-estudiants-reben-la-beca-excel%c2%b7lent-de-12-000e-de-caixa-benicarlo","status":"publish","type":"post","link":"https:\/\/caixabenicarlo.es\/blog\/?p=995","title":{"rendered":"12 j\u00f3vens estudiants reben la Beca \u201cExcel\u00b7lent\u201d de 12.000\u20ac de Caixa Benicarl\u00f3"},"content":{"rendered":"\n<p class=\"has-text-align-left\">Caixa Benicarl\u00f3 seguix apostant per l\u2019educaci\u00f3 mitjan\u00e7ant la seva fundaci\u00f3 i, per aix\u00f2, este divendres 2 de setembre lliurava les seues Beques a l\u2019Excel\u00b7\u00e8ncia Acad\u00e8mica, que enguany arriben a la seua XXVIena edici\u00f3. Els 12 estudiants guardonats rebran una beca individual de 1.000\u20ac que podran destinar al estudis universitaris i superiors que comencen en el curs 2022-2023.<\/p>\n\n\n\n<p class=\"has-text-align-left\">El lliurament de premis al sal\u00f3 social de l\u2019entitat van comptar amb la pres\u00e8ncia de l\u2019Il\u00b7lustr\u00edssim Tinent d\u2019alcalde i representant de l\u2019I\u00b7lustr\u00edssim Ajuntament de Benicarl\u00f3, Carlos Flos Fresquet, del president de l\u2019entitat banc\u00e0ria benicarlanda, Vicent Par\u00eds For\u00e9s, del director general, Josep Manel Gal\u00e1n Foix, dels representants dels centres educatius premiats, , el vicedirector de l\u2019IES Joan Coromines, Javier Mateu Borr\u00e1s i la cap d\u2019estudis de l\u2019 IES Ram\u00f3n Cid, Trini Coll Mu\u00f1oz).<\/p>\n\n\n\n<p class=\"has-text-align-left\">Per la seua banda, els pares i mares i familiars dels alumnes guardonats tamb\u00e9 van omplir el sal\u00f3 social de Caixa Benicarl\u00f3. En esta edici\u00f3 els j\u00f3vens estudiants distinguits, i als quals se\u2019ls ha reconegut el m\u00e8rit i esfor\u00e7 per les notes obtingudes, s\u00f3n els seg\u00fcents: PATRICIA SAURA A\u00d1\u00d3 (IES RAMON CID), BRUNO OBIOL MUYAS \u00a0(IES JOAN COROMINES), DAVID MEJ\u00cdAS SENAR (IES JOAN COROMINES), ANDREA LLORACH VIURA (IES RAMON CID), ANA JUAN PITARCH (IES RAMON CID), PAU IRLES BRAU (IES RAMON CID), MIQUEL IB\u00c1\u00d1EZ A\u00d1\u00d3 (IES RAMON CID), ELISA FOR\u00c9S SORIANO (IES RAMON CID), TERESA FOIX NEGRE (IES RAMON CID), LUIS FLORES ESTELLER, (IES RAMON CID), JOAN CORRAL BLASCO (IES RAMON CID), MAR\u00cdA \u00c1VILA BRET\u00d3 (IES RAMON CID).<\/p>\n\n\n\n<p class=\"has-text-align-left\">Les Beques a l\u2019Excel\u00b7l\u00e8ncia Acad\u00e8mica de Caixa Benicarl\u00f3 afavorixen els fills dels socis de l\u2019entitat banc\u00e0ria que compleixen determinats vincles comercials, a la vista de les avaluacions obtingudes en les proves d\u2019acc\u00e9s a la Universitat.<\/p>\n\n\n\n<p class=\"has-text-align-left\">&nbsp;<em>\u201c<\/em><em>Des de Caixa Benicarl\u00f3 som conscients de la import\u00e0ncia d\u2019invertir en la formaci\u00f3 dels nostres j\u00f3vens i en el seu futur. Ells enriquiran el m\u00f3n amb la seva v\u00e0lua personal i, per aix\u00f2, ens sentim molt satisfets de poder&nbsp; celebrar, un any m\u00e9s, este acte\u201d, <\/em>ressaltava el president, Vicent Par\u00eds For\u00e9s.<em> <\/em><em><\/em><\/p>\n\n\n\n<p class=\"has-text-align-left\">Per la seua banda, el director de l\u2019entitat banc\u00e0ria, Josep Manel Gal\u00e1n Foix, afegia que<em> \u201cla <\/em><em>Fundaci\u00f3 Caixa Benicarl\u00f3 aplega a la XXVI edici\u00f3 d\u2019estes beques amb un nombre total de 209 becats als qui es premie el valor de l\u2019esfor\u00e7, davant els seus magn\u00edfics resultats\u20ac\u201d.<\/em><\/p>\n\n\n\n<p class=\"has-text-align-left\">Les bases de la nova edici\u00f3 de les Beques d\u2019Excel\u00b7l\u00e8ncia 2022-2023 es podran consultar al web de l\u2019entitat www.caixabenicarlo.es<\/p>\n\n\n\n<figure class=\"wp-block-gallery columns-1 is-cropped\"><ul class=\"blocks-gallery-grid\"><li class=\"blocks-gallery-item\"><figure><img loading=\"lazy\" width=\"1024\" height=\"603\" src=\"https:\/\/caixabenicarlo.es\/blog\/wp-content\/uploads\/2022\/09\/2022-Beques-Caixa-Benicarlo-3-1024x603.jpg\" alt=\"\" data-id=\"997\" data-full-url=\"https:\/\/caixabenicarlo.es\/blog\/wp-content\/uploads\/2022\/09\/2022-Beques-Caixa-Benicarlo-3-scaled.jpg\" data-link=\"https:\/\/caixabenicarlo.es\/blog\/?attachment_id=997\" class=\"wp-image-997\" srcset=\"https:\/\/caixabenicarlo.es\/blog\/wp-content\/uploads\/2022\/09\/2022-Beques-Caixa-Benicarlo-3-1024x603.jpg 1024w, https:\/\/caixabenicarlo.es\/blog\/wp-content\/uploads\/2022\/09\/2022-Beques-Caixa-Benicarlo-3-300x177.jpg 300w, https:\/\/caixabenicarlo.es\/blog\/wp-content\/uploads\/2022\/09\/2022-Beques-Caixa-Benicarlo-3-768x453.jpg 768w, https:\/\/caixabenicarlo.es\/blog\/wp-content\/uploads\/2022\/09\/2022-Beques-Caixa-Benicarlo-3-1536x905.jpg 1536w, https:\/\/caixabenicarlo.es\/blog\/wp-content\/uploads\/2022\/09\/2022-Beques-Caixa-Benicarlo-3-2048x1207.jpg 2048w, https:\/\/caixabenicarlo.es\/blog\/wp-content\/uploads\/2022\/09\/2022-Beques-Caixa-Benicarlo-3-1200x707.jpg 1200w\" sizes=\"(max-width: 709px) 85vw, (max-width: 909px) 67vw, (max-width: 1362px) 62vw, 840px\" \/><\/figure><\/li><\/ul><\/figure>\n\n\n\n<figure class=\"wp-block-image size-large\"><img loading=\"lazy\" width=\"1024\" height=\"656\" src=\"https:\/\/caixabenicarlo.es\/blog\/wp-content\/uploads\/2022\/09\/2022-Beques-Caixa-Benicarlo-2-1024x656.jpg\" alt=\"\" class=\"wp-image-998\" srcset=\"https:\/\/caixabenicarlo.es\/blog\/wp-content\/uploads\/2022\/09\/2022-Beques-Caixa-Benicarlo-2-1024x656.jpg 1024w, https:\/\/caixabenicarlo.es\/blog\/wp-content\/uploads\/2022\/09\/2022-Beques-Caixa-Benicarlo-2-300x192.jpg 300w, https:\/\/caixabenicarlo.es\/blog\/wp-content\/uploads\/2022\/09\/2022-Beques-Caixa-Benicarlo-2-768x492.jpg 768w, https:\/\/caixabenicarlo.es\/blog\/wp-content\/uploads\/2022\/09\/2022-Beques-Caixa-Benicarlo-2-1536x983.jpg 1536w, https:\/\/caixabenicarlo.es\/blog\/wp-content\/uploads\/2022\/09\/2022-Beques-Caixa-Benicarlo-2-2048x1311.jpg 2048w, https:\/\/caixabenicarlo.es\/blog\/wp-content\/uploads\/2022\/09\/2022-Beques-Caixa-Benicarlo-2-1200x768.jpg 1200w\" sizes=\"(max-width: 709px) 85vw, (max-width: 909px) 67vw, (max-width: 1362px) 62vw, 840px\" \/><\/figure>\n\n\n\n<figure class=\"wp-block-gallery columns-1 is-cropped\"><ul class=\"blocks-gallery-grid\"><li class=\"blocks-gallery-item\"><figure><img loading=\"lazy\" width=\"1024\" height=\"768\" src=\"https:\/\/caixabenicarlo.es\/blog\/wp-content\/uploads\/2022\/09\/20220902_191305-1024x768.jpg\" alt=\"\" data-id=\"1000\" data-full-url=\"https:\/\/caixabenicarlo.es\/blog\/wp-content\/uploads\/2022\/09\/20220902_191305-scaled.jpg\" data-link=\"https:\/\/caixabenicarlo.es\/blog\/?attachment_id=1000\" class=\"wp-image-1000\" srcset=\"https:\/\/caixabenicarlo.es\/blog\/wp-content\/uploads\/2022\/09\/20220902_191305-1024x768.jpg 1024w, https:\/\/caixabenicarlo.es\/blog\/wp-content\/uploads\/2022\/09\/20220902_191305-300x225.jpg 300w, https:\/\/caixabenicarlo.es\/blog\/wp-content\/uploads\/2022\/09\/20220902_191305-768x576.jpg 768w, https:\/\/caixabenicarlo.es\/blog\/wp-content\/uploads\/2022\/09\/20220902_191305-1536x1152.jpg 1536w, https:\/\/caixabenicarlo.es\/blog\/wp-content\/uploads\/2022\/09\/20220902_191305-2048x1536.jpg 2048w, https:\/\/caixabenicarlo.es\/blog\/wp-content\/uploads\/2022\/09\/20220902_191305-1200x900.jpg 1200w\" sizes=\"(max-width: 709px) 85vw, (max-width: 909px) 67vw, (max-width: 1362px) 62vw, 840px\" \/><\/figure><\/li><\/ul><\/figure>\n","protected":false},"excerpt":{"rendered":"<p>Caixa Benicarl\u00f3 seguix apostant per l\u2019educaci\u00f3 mitjan\u00e7ant la seva fundaci\u00f3 i, per aix\u00f2, este divendres 2 de setembre lliurava les seues Beques a l\u2019Excel\u00b7\u00e8ncia Acad\u00e8mica, que enguany arriben a la seua XXVIena edici\u00f3. Els 12 estudiants guardonats rebran una beca individual de 1.000\u20ac que podran destinar al estudis universitaris i superiors que comencen en el &hellip; <a href=\"https:\/\/caixabenicarlo.es\/blog\/?p=995\" class=\"more-link\">Continuar leyendo<span class=\"screen-reader-text\"> \u00ab12 j\u00f3vens estudiants reben la Beca \u201cExcel\u00b7lent\u201d de 12.000\u20ac de Caixa Benicarl\u00f3\u00bb<\/span><\/a><\/p>\n","protected":false},"author":2,"featured_media":996,"comment_status":"closed","ping_status":"open","sticky":false,"template":"","format":"gallery","meta":[],"categories":[1],"tags":[],"_links":{"self":[{"href":"https:\/\/caixabenicarlo.es\/blog\/index.php?rest_route=\/wp\/v2\/posts\/995"}],"collection":[{"href":"https:\/\/caixabenicarlo.es\/blog\/index.php?rest_route=\/wp\/v2\/posts"}],"about":[{"href":"https:\/\/caixabenicarlo.es\/blog\/index.php?rest_route=\/wp\/v2\/types\/post"}],"author":[{"embeddable":true,"href":"https:\/\/caixabenicarlo.es\/blog\/index.php?rest_route=\/wp\/v2\/users\/2"}],"replies":[{"embeddable":true,"href":"https:\/\/caixabenicarlo.es\/blog\/index.php?rest_route=%2Fwp%2Fv2%2Fcomments&post=995"}],"version-history":[{"count":4,"href":"https:\/\/caixabenicarlo.es\/blog\/index.php?rest_route=\/wp\/v2\/posts\/995\/revisions"}],"predecessor-version":[{"id":1005,"href":"https:\/\/caixabenicarlo.es\/blog\/index.php?rest_route=\/wp\/v2\/posts\/995\/revisions\/1005"}],"wp:featuredmedia":[{"embeddable":true,"href":"https:\/\/caixabenicarlo.es\/blog\/index.php?rest_route=\/wp\/v2\/media\/996"}],"wp:attachment":[{"href":"https:\/\/caixabenicarlo.es\/blog\/index.php?rest_route=%2Fwp%2Fv2%2Fmedia&parent=995"}],"wp:term":[{"taxonomy":"category","embeddable":true,"href":"https:\/\/caixabenicarlo.es\/blog\/index.php?rest_route=%2Fwp%2Fv2%2Fcategories&post=995"},{"taxonomy":"post_tag","embeddable":true,"href":"https:\/\/caixabenicarlo.es\/blog\/index.php?rest_route=%2Fwp%2Fv2%2Ftags&post=995"}],"curies":[{"name":"wp","href":"https:\/\/api.w.org\/{rel}","templated":true}]}}